{"id":117776,"date":"2021-06-01T04:50:00","date_gmt":"2021-06-01T08:50:00","guid":{"rendered":"https:\/\/linitiative.ca\/International\/1er-juin-1955-retour-du-combattant-supreme-le-zaim-habib-bourguiba\/"},"modified":"2021-06-01T04:50:00","modified_gmt":"2021-06-01T08:50:00","slug":"1er-juin-1955-retour-du-combattant-supreme-le-zaim-habib-bourguiba","status":"publish","type":"post","link":"https:\/\/linitiative.ca\/International\/1er-juin-1955-retour-du-combattant-supreme-le-zaim-habib-bourguiba\/","title":{"rendered":"1er juin 1955: Retour du \u00abCombattant Supr\u00eame\u00bb, le Za\u00efm Habib Bourguiba"},"content":{"rendered":"<p><img loading=\"lazy\" decoding=\"async\" alt=\"\" src=\"\/uploads\/FCK_files\/Abdesselem-Kallel-min.jpg\" width=\"150\" vspace=\"5\" hspace=\"5\" height=\"150\" align=\"right\"\/><span class=\"c2\"><em><strong>Par Abdesselem Kallel &#8211;<\/strong><\/em><\/span> Il est des dates qui marquent, qui ne s\u2019oublient pas, et qui vous font entrer dans la grande histoire \u00e0 votre insu, constituant ainsi un tournant dans la vie. Le 1er juin 1955 en est une. A Marseille, le groupe de jeunes \u00e9l\u00e8ves que nous \u00e9tions pour pr\u00e9parer l\u2019examen du baccalaur\u00e9at, apprit la grande nouvelle: le \u00abCombattant Supr\u00eame\u00bb arrivait le soir m\u00eame par le train de Paris pour un retour triomphal au pays apr\u00e8s des ann\u00e9es d\u2019exil et la conclusion, \u00e0 l\u2019arrach\u00e9, des conventions sur l\u2019autonomie interne. Avec notre bouquet de fleurs, nous voil\u00e0 \u00e0 la gare Saint-Charles pour accueillir le Za\u00efm. Bouscul\u00e9 par la foule de Tunisiens qui scandait le nom du h\u00e9ros, je fus soudain saisi par une intense \u00e9motion quand je me retrouvai face \u00e0 face avec l\u2019homme qui repr\u00e9sentait l\u2019espoir de tout un peuple.<\/p>\n<p>Je r\u00e9ussis finalement \u00e0 m\u2019approcher de lui et \u00e0 lui remettre le bouquet de fleurs qui repr\u00e9sentait, pour les jeunes venus \u00e0 son accueil, le meilleur gage de reconnaissance et de fiert\u00e9 pour le dur combat qu\u2019il avait men\u00e9. Comment ne pas se rappeler, aujourd\u2019hui et demain, avec beaucoup d\u2019\u00e9motion, apr\u00e8s des d\u00e9cennies d\u2019oubli, la date du 1er juin 1955 ! Elle symbolise \u00e0 la fois la victoire contre le colonialisme et la renaissance de la Tunisie libre et ind\u00e9pendante.<\/p>\n<p>Cette rencontre, comme d\u2019autres plus tard, avec le Za\u00efm, alors que nous n\u2019\u00e9tions que des \u00e9l\u00e8ves et \u00e9tudiants, demeurera \u00e0 jamais grav\u00e9e dans nos m\u00e9moires. Bourguiba nous avait toujours insuffl\u00e9 l\u2019amour de la patrie, et nous avait fait r\u00eaver de grands desseins. Il nous avait mobilis\u00e9s et engag\u00e9s jeunes dans le combat pour l\u2019ind\u00e9pendance, et plus tard dans l\u2019\u00e9dification de l\u2019Etat moderne.<\/p>\n<p>La comm\u00e9moration de cette journ\u00e9e doit inciter, aujourd\u2019hui, notre jeunesse \u00e0 sauvegarder les acquis de notre soci\u00e9t\u00e9 et \u00e0 s\u2019engager au-del\u00e0 de cette \u0153uvre magnifique du \u00abCombattant Supr\u00eame\u00bb, \u00e0 instaurer une v\u00e9ritable d\u00e9mocratie, tant souhait\u00e9e, et \u00e0 s\u2019atteler au d\u00e9veloppement du pays pour rattraper le temps perdu. C\u2019est un devoir de g\u00e9n\u00e9ration que de continuer \u00e0 faire vivre la m\u00e9moire de Bourguiba, p\u00e8re de l\u2019ind\u00e9pendance, lib\u00e9rateur de la femme et b\u00e2tisseur de la Tunisie moderne, dans l\u2019esprit de nos jeunes, de sorte qu\u2019il demeure, au-del\u00e0 du temps et des gouvernants, un symbole et une fiert\u00e9 nationale.<\/p>\n<p>N\u2019est-ce pas transcender les querelles byzantines de nos politiciens que de reconna\u00eetre \u00e0 Bourguiba sa v\u00e9ritable place dans l\u2019histoire de la Tunisie, au m\u00eame titre que Jugurtha, Hannibal, Ibn Khaldoun et autres grands noms de notre histoire mill\u00e9naire. L\u2019histoire n\u2019a-t-elle pas attest\u00e9 suffisamment qu\u2019il faisait partie du cercle restreint de ces leaders contemporains, \u00e0 l\u2019instar de Gandhi, Mandela, Atat\u00fcrk\u2026 dont la vie et l\u2019\u0153uvre leur ont valu la reconnaissance de leurs peuples et celle de la communaut\u00e9 internationale?<\/p>\n<p>Sur la foi de quoi, il est temps de r\u00e9installer la statue \u00e9questre du Pr\u00e9sident Bourguiba \u00e0 sa place initiale \u00e0 l\u2019avenue portant son nom sur laquelle tr\u00f4nait, jadis, celle de Jules Ferry, symbole du colonialisme. Il appartient au Pr\u00e9sident de la R\u00e9publique actuel de tenir sa promesse et d\u2019exaucer ce v\u0153u du peuple reconnaissant.<\/p>\n<p class=\"c3\"><strong>Abdesselem Kallel<\/strong><\/p>\n<p>Auteur:<br \/>\n<a href=\"https:\/\/www.leaders.com.tn\/article\/31951-1er-juin-1955-retour-du-combattant-supreme-le-zaim-habib-bourguiba\">Cliquez ici pour lire l&rsquo;article depuis sa source.<\/a><\/p>\n","protected":false},"excerpt":{"rendered":"<p>Par Abdesselem Kallel &#8211; Il est des dates qui marquent, qui ne s\u2019oublient pas, et qui vous font entrer dans la grande histoire \u00e0 votre insu, constituant ainsi un tournant dans la vie. Le 1er juin 1955 en est une. A Marseille, le groupe de jeunes \u00e9l\u00e8ves que nous \u00e9tions pour pr\u00e9parer l\u2019examen du baccalaur\u00e9at, [&hellip;]<\/p>\n","protected":false},"author":1772,"featured_media":0,"comment_status":"closed","ping_status":"closed","sticky":false,"template":"","format":"standard","meta":{"fifu_image_url":"\/uploads\/FCK_files\/Abdesselem-Kallel-min.jpg","fifu_image_alt":"1er juin 1955: Retour du \u00abCombattant Supr\u00eame\u00bb, le Za\u00efm Habib Bourguiba","footnotes":""},"categories":[73,55],"tags":[],"class_list":["post-117776","post","type-post","status-publish","format-standard","hentry","category-actualite","category-tunisie"],"_links":{"self":[{"href":"https:\/\/linitiative.ca\/International\/wp-json\/wp\/v2\/posts\/117776","targetHints":{"allow":["GET"]}}],"collection":[{"href":"https:\/\/linitiative.ca\/International\/wp-json\/wp\/v2\/posts"}],"about":[{"href":"https:\/\/linitiative.ca\/International\/wp-json\/wp\/v2\/types\/post"}],"author":[{"embeddable":true,"href":"https:\/\/linitiative.ca\/International\/wp-json\/wp\/v2\/users\/1772"}],"replies":[{"embeddable":true,"href":"https:\/\/linitiative.ca\/International\/wp-json\/wp\/v2\/comments?post=117776"}],"version-history":[{"count":0,"href":"https:\/\/linitiative.ca\/International\/wp-json\/wp\/v2\/posts\/117776\/revisions"}],"wp:attachment":[{"href":"https:\/\/linitiative.ca\/International\/wp-json\/wp\/v2\/media?parent=117776"}],"wp:term":[{"taxonomy":"category","embeddable":true,"href":"https:\/\/linitiative.ca\/International\/wp-json\/wp\/v2\/categories?post=117776"},{"taxonomy":"post_tag","embeddable":true,"href":"https:\/\/linitiative.ca\/International\/wp-json\/wp\/v2\/tags?post=117776"}],"curies":[{"name":"wp","href":"https:\/\/api.w.org\/{rel}","templated":true}]}}