{"id":117779,"date":"2021-06-01T11:09:00","date_gmt":"2021-06-01T15:09:00","guid":{"rendered":"https:\/\/linitiative.ca\/International\/apres-lagression-israelienne-sur-ghaza-quel-bilan\/"},"modified":"2021-06-01T11:09:00","modified_gmt":"2021-06-01T15:09:00","slug":"apres-lagression-israelienne-sur-ghaza-quel-bilan","status":"publish","type":"post","link":"https:\/\/linitiative.ca\/International\/apres-lagression-israelienne-sur-ghaza-quel-bilan\/","title":{"rendered":"Apr\u00e8s l\u2019agression isra\u00e9lienne sur Ghaza: quel bilan?"},"content":{"rendered":"<p><strong>Le ph\u00e9nix rena\u00eet de ses cendres. <em>\u00abC\u2019est la d\u00e9finition des Palestiniens\u2026 Nous protestons parce que nous voulons vivre\u00bb<\/em><\/strong> <span class=\"c2\"><strong>(Omar Barghouti, dirigeant du mouvement BDS)<\/strong><\/span><\/p>\n<p><em><span class=\"c3\"><strong><img decoding=\"async\" src=\"\/uploads\/FCK_files\/Mohamed-Larbi-Bouguerra(47).jpg\" alt=\"\" width=\"20%\" vspace=\"5\" hspace=\"5\" align=\"left\"\/>Par Mohamed Larbi Bouguerra &#8211;<\/strong><\/span><\/em> Il ne s\u2019agissait pas de \u00ab guerre \u00bb mais d\u2019\u00ab agression \u00bb caract\u00e9ris\u00e9e contre un peuple d\u00e9sarm\u00e9 confin\u00e9 dans 365 km2\u00a0 de sable et de dunes. Ce peuple ne dispose ni d\u2019avions ni de chars ni de soutiens.<br \/>Face \u00e0 lui, une puissante armada sur\u00e9quip\u00e9e soutenue par les Etats Unis, la puissance majeure de ce monde. Ce peuple a subi cinq agressions punitives: 2006 (Pluie d\u2019\u00e9t\u00e9); 2008-2009 (Plomb durci); 2012 (Pilier de d\u00e9fense); 2014 (Bordure protectrice); et 2021 (Gardien des murailles) mais ce peuple demeure quand m\u00eame bien <em>\u00abdebout\u00bb<\/em> pr\u00e9cise Serge Halimi (Le Monde Diplomatique, Juin 2021, p. 1).<\/p>\n<p>Benjamin Netanyahou, qui a voulu cette atroce agression de 11 jours pour \u00e9chapper aux graves poursuites judiciaires de corruption qui le visent, exulte et parle d\u2019<em>\u00abun succ\u00e8s exceptionnel\u00bb<\/em>. Succ\u00e8s contre des victimes palestiniennes (230) dont la moiti\u00e9 des morts sont des femmes (29) et des enfants (70). La Cour P\u00e9nale Internationale (CPI) a mis ces horreurs \u00e0 son ordre du jour. La doctrine militaire de Netanyahou et de ses g\u00e9n\u00e9raux est claire: punir sans rel\u00e2che les Palestiniens: soumission passive, exil ou une mort certaine. Utiliser une force disproportionn\u00e9e et la technique la plus avanc\u00e9e pour terroriser voire annihiler le Palestinien\u2026. mais sans jamais exposer ses soldats tant l\u2019opinion\u00a0 isra\u00e9lienne est frileuse \u00e0 cet \u00e9gard.<\/p>\n<p><span class=\"c4\"><strong>Un succ\u00e8s exceptionnel?<\/strong><\/span><\/p>\n<p><em>\u00abLe succ\u00e8s exceptionnel\u00bb<\/em> clam\u00e9 par Netanyahou fait l\u2019impasse cependant sur la baisse du shekel- la monnaie isra\u00e9lienne- sur les march\u00e9s, la fermeture de l\u2019a\u00e9roport international de Tel Aviv, la vie chamboul\u00e9e de ses concitoyens dans les abris- m\u00eame \u00e0 J\u00e9rusalem et \u00e0 Tel Aviv l\u2019h\u00e9doniste- les d\u00e9sordres post-traumatiques, le coup port\u00e9 au tourisme et le manque \u00e0 gagner des entreprises de la \u00abstart up nation\u00bb du fait des missiles en provenance de Gaza alors qu\u2019au cours des quatre \u00e9lections g\u00e9n\u00e9rales isra\u00e9liennes depuis 2019, la question palestinienne \u00e9tait absente des d\u00e9bats des Isra\u00e9liens; orthodoxes et la\u00efcs confondus. Plus fort encore: Donald Trump n\u2019a-t-il pas con\u00e7u le <em>\u00abdeal du si\u00e8cle\u00bb<\/em> pour mettre fin au conflit\u2026 sans y associer le moins du monde les Palestiniens?<\/p>\n<p>Netanyahou a voulu cette guerre en chassant les jeunes de la place de Damas et de l\u2019esplanade des Mosqu\u00e9es \u00e0 J\u00e9rusalem, en autorisant les incursions de fanatiques juifs au cri de \u00abMort aux Arabes\u00bb parce que leurs partis extr\u00e9mistes et racistes le soutiennent \u00e0 la Knesset,\u00a0 n\u2019h\u00e9sitant pas \u00e0\u00a0 profaner un des liens saints de l\u2019islam en plein ramadan.<\/p>\n<p>Netanyahou s\u2019est conduit en conquistador, m\u00e9prisant et arrogant vis-\u00e0-vis d\u2019un peuple qu\u2019il croyait soumis et qu\u2019il voulait d\u00e9pouiller de ses biens \u00e0 Cheikh Jarrah pour juda\u00efser la ville ch\u00e8re aux trois religions et qui compte aujourd\u2019hui 40% de Palestiniens (musulmans et chr\u00e9tiens) dans sa population alors qu\u2019en 1967, ils n\u2019\u00e9taient que 25%.<\/p>\n<p>Rachida Brakni et Eric Cantona rel\u00e8vent que le peuple palestinien n\u2019a pas rendu les armes alors que <em>\u00able monde avait d\u00e9tourn\u00e9 le regard. Et voil\u00e0 que les \u00e9v\u00e8nements, cette escalade guerri\u00e8re, ces ratonnades, ces bombardements, ces morts nous rappellent que l\u00e0-bas un peuple est condamn\u00e9 \u00e0 l\u2019exil permanent, dans l\u2019indiff\u00e9rence\u00bb<\/em> et nos deux acteurs -partisans de la solution \u00e0 deux Etats- de pr\u00e9ciser, \u00e0 propos du conflit: <em>\u00abIl s\u2019agit d\u2019une question politique, non religieuse.\u00bb<\/em> (L\u2019Humanit\u00e9, 26 mai 2021, p. 18)<\/p>\n<p><span class=\"c4\"><strong>Soutenir l\u2019injustice<\/strong><\/span><\/p>\n<p>De Biden \u00e0 Macron en passant par Merkel, m\u00eame litanie et m\u00eame soutien d\u00e9brid\u00e9 face \u00e0 une criante injustice: \u00abIsra\u00ebl a le droit de se d\u00e9fendre\u00bb avec des armes sophistiqu\u00e9es et des avions supersoniques contre des civils d\u00e9sarm\u00e9s, contre une population emprisonn\u00e9e par Isra\u00ebl et qui compte 50% de ch\u00f4meurs et dont 80% ne survivent que gr\u00e2ce aux aides humanitaires.\u00a0 Macron, Biden et les Occidentaux oublient qu\u2019en vertu des Accords d\u2019Oslo, l\u2019Etat de Palestine aurait d\u00fb voir le jour le 13 mai 1999 et susurrent que le nombre des colons ayant \u00e9t\u00e9 multipli\u00e9 par 3 depuis Oslo, la solution \u00e0 deux Etats serait morte et enterr\u00e9e. Il suffit de leur rappeler que les colons ont quand m\u00eame quitt\u00e9 l\u2019Alg\u00e9rie apr\u00e8s 130 ans d\u2019occupation et que c\u2019est au peuple palestinien de d\u00e9cider, en dernier ressort, de la forme de ses institutions. Par exemple, Edward Sa\u00efd affirmait : <em>\u00abIl n\u2019y a aucun moyen concevable qu\u2019ils (les Arabes et les juifs) puissent \u00eatre physiquement s\u00e9par\u00e9s sans apartheid\u2026 C\u2019est pourquoi je dis que nous devrions avoir un Etat dans lequel tous les citoyens auraient une voix, comme le mod\u00e8le sud-africain l\u2019a fait pour mettre fin \u00e0 l\u2019apartheid. Sans cela, vous aurez la perp\u00e9tuation du conflit, sous une forme ou une autre.\u00bb<\/em> (L\u2019Humanit\u00e9, 31 mai 2021, p. 17)<\/p>\n<p>Les gesticulations des Egyptiens et les r\u00e9unions du Caire \u00e0 l\u2019heure actuelle, n\u2019ont gu\u00e8re de sens car c\u2019est ailleurs que les choses se d\u00e9cident. Les factions palestiniennes n\u2019ont plus la confiance des jeunes comme le prouvent les marches de retour du 30 mars \u00e0 la fin ao\u00fbt 2020 \u00e0 Ghaza.<\/p>\n<p>Mais Isra\u00ebl se d\u00e9fend-il en d\u00e9truisant \u00e0 nouveau Ghaza?<\/p>\n<p>Cela a-t-il eu jamais un sens dans le pass\u00e9 que ce soit \u00e0 Ghaza ou au Liban?<\/p>\n<p>Pour Haim Bresheet, chercheur \u00e0 l\u2019Ecole d\u2019\u00e9tudes orientales et africaines de Londres (SOAS): <em>\u00abLe conflit palestinien n\u2019est pas un conflit sym\u00e9trique, ni entre deux Etats, ni entre deux arm\u00e9es. C\u2019est un conflit entre la soci\u00e9t\u00e9 coloniale militaris\u00e9e des colons sionistes- une politique raciste, d\u2019apartheid- et le soul\u00e8vement de la population indig\u00e8ne de Palestine, les Palestiniens colonis\u00e9s.\u00bb<\/em> (L\u2019Humanit\u00e9, 28-30 mai 2021, p. 22). La solution, affirme Bresheet, r\u00e9side dans la d\u00e9colonisation de la Palestine mais celle-ci est compliqu\u00e9e par <em>\u00abl\u2019\u00e9norme soutien que la population juive d\u2019Isra\u00ebl apporte aux crimes de guerre continus commis par son Etat et son arm\u00e9e contre le peuple palestinien. Les Palestiniens ont le droit de r\u00e9sister \u00e0 l\u2019occupation brutale qui leur refuse tout droit \u00e0 une vie normale en paix\u2026. Un droit que la plupart des soci\u00e9t\u00e9s europ\u00e9ennes et autres ont utilis\u00e9 pendant la Seconde Guerre Mondiale pour r\u00e9sister \u00e0 l\u2019occupant fasciste\u2026. Partout dans le monde, les progressistes et les lib\u00e9raux devraient soutenir la lutte des Palestiniens contre le r\u00e9gime militariste de l\u2019apartheid\u2026\u00bb<\/em> De fait, aujourd\u2019hui, cinq partis si\u00e9geant \u00e0 la Knesset (Parlement) sont partisans d\u2019une extension des colonies ill\u00e9gales et du vol des terres palestiniennes. Ils totalisent 56 si\u00e8ges et il ne leur manque que 5 voix pour atteindre la majorit\u00e9 parlementaire et rendre p\u00e9renne l\u2019occupation. Un sondage conduit l\u2019an dernier et r\u00e9alis\u00e9 par Israel Democratic Institute montre que 30% des Isra\u00e9liens sont contre l\u2019occupation de la Cisjordanie.<\/p>\n<p><span class=\"c4\"><strong>L\u2019unit\u00e9 paye<\/strong><\/span><\/p>\n<p>Unis, les Palestiniens de Ghaza, de Cisjordanie, de J\u00e9rusalem et au sein m\u00eame d\u2019Isra\u00ebl, ont red\u00e9couvert leur force et se sont retrouv\u00e9s. La mobilisation populaire trouve sa raison d\u2019\u00eatre dans le manque de l\u00e9gitimit\u00e9 des dirigeants palestiniens. La gr\u00e8ve g\u00e9n\u00e9rale du 18 mai a \u00e9t\u00e9 un franc succ\u00e8s et a montr\u00e9 la d\u00e9pendance d\u2019Isra\u00ebl Du labeur\u00a0 palestinien. Unis, les Palestiniens ont soud\u00e9 le monde arabe en leur faveur en Tunisie, au Maroc, au Kowe\u00eft, \u00e0 Qatar, au Liban, en Irak et au Y\u00e9men. Oubli\u00e9e alors la question palestinienne messieurs les dirigeants des Emirats, de Bahre\u00efn, du Soudan, du Maroc?<\/p>\n<p>En fait, les Palestiniens ont mis la communaut\u00e9 internationale au d\u00e9fi d\u2019\u00eatre \u00e0 la hauteur de leur courage en faisant pression sur les gouvernements occidentaux pour qu\u2019ils retirent leur soutien obsc\u00e8ne \u00e0 <em>\u00abNetanyahou et \u00e0 sa coterie de bouchers\u00bb<\/em> affirme Ronnie Kastrils, ancien ministre des pr\u00e9sidents Mandela et Thabo Mbeki, membre de la branche arm\u00e9e de l\u2019ANC. Des manifestations sans pr\u00e9c\u00e9dent aux Etats Unis, r\u00e9unissant Black Lives Matter et Palestine Solidarity et une fronde in\u00e9dite de plusieurs membres d\u00e9mocrates du Congr\u00e8s ont forc\u00e9 Biden \u00e0 faire pression sur Netanyahou pour le contraindre \u00e0 accepter un cessez-le-feu voire \u00e0 bloquer un march\u00e9 d\u2019armes de 750 millions de dollars destin\u00e9es \u00e0 Isra\u00ebl. Mme Alexandria Ocasio-Cortez, \u00e9lue d\u00e9mocrate de New York \u00e0 la Chambre des repr\u00e9sentants, fustigeait Biden sur Twitter le 13 mai : <em>\u00abEn n&rsquo;intervenant que pour parler des actions du Hamas- qui sont condamnables- et en refusant de reconna\u00eetre les droits des Palestiniens, Biden renforce l\u2019id\u00e9e fausse que les Palestiniens sont \u00e0 l\u2019origine de ce cycle de violences. Ce n\u2019est pas un langage neutre. Il prend parti pour un camp- celui de l\u2019occupation.\u00bb<\/em><\/p>\n<p>En outre, de plus en plus de juifs am\u00e9ricains s\u2019\u00e9loignent de l\u2019Etat d\u2019Isra\u00ebl et abandonnent sa d\u00e9fense (Ben Samuels, Isra\u00ebl\u2019s brutal month with the Democratic Party- and its impact on public opinion, Haaretz, 31 mai 2021). Ils d\u00e9tachent les valeurs juives de l\u2019Etat d\u2019Isra\u00ebl et de ses crimes. Ainsi, pour le grand linguiste am\u00e9ricain Noam Chomsky, <em>\u00abil existe des moyens d\u2019agir [contre Isra\u00ebl] ; tels les embargos sur les armes et le commerce\u00bb<\/em> (L\u2019Humanit\u00e9, 1 juin 2021, p. 16)<\/p>\n<p>The Economist (29 mai 2021, p. 31- 33 et \u00e9ditorial p. 9) \u00e9crit: <em>\u00abDe nombreux critiques de la politique isra\u00e9lienne \u2013 y compris les juifs lib\u00e9raux- comparent maintenant le traitement des Palestiniens \u00e0 l\u2019apartheid. La demande des Palestiniens pour leurs droits trouve maintenant un \u00e9cho \u00e0 l\u2019\u00e9tranger et a franchi les couloirs et les trav\u00e9es m\u00eames du Congr\u00e8s am\u00e9ricain.\u00bb<\/em><br \/>Au contraire, en France, on assiste \u00e0 un alignement officiel sur la <em>\u00abl\u00e9gitime d\u00e9fense\u00bb<\/em> et on emp\u00eache les manifestations en faveur de la Palestine \u00e0 Paris mais pas \u00e0 Marseille ou \u00e0 Bordeaux. La d\u00e9claration de Jean-Yves Le Drian, ministre des Affaires Etrang\u00e8res,\u00a0 affirmant que si la solution \u00e0 deux Etats ne voit pas le jour, Isra\u00ebl deviendra un Etat d\u2019apartheid a eu le don de mettre en col\u00e8re Netanyahou qui, derechef, a somm\u00e9 l\u2019ambassadeur fran\u00e7ais de fournir <em>\u00abdes explications\u00bb.<\/em><\/p>\n<p><span class=\"c4\"><strong>Quels r\u00e9sultats?<\/strong><\/span><\/p>\n<p><em>\u00abSucc\u00e8s exceptionnel\u00bb?<\/em><\/p>\n<p>Comme en r\u00e9ponse \u00e0 Netanyahou, Ami Ayalon, un amiral isra\u00e9lien \u00e0 la retraite et un ancien commandant en chef de la marine, les frappes isra\u00e9liennes ont apport\u00e9 une \u00abqui\u00e9tude artificielle\u00bb. Et Ayalon d\u2019ajouter: <em>\u00abLes questions fondamentales au c\u0153ur du conflit isra\u00e9lo-palestinien- l\u2019absence d\u2019un Etat palestinien souverain, les millions de Palestiniens de Cisjordanie sous occupation militaire, le blocus de Ghaza- demeurent inabord\u00e9es et en l\u2019\u00e9tat. L\u2019id\u00e9e de faire une photographie de la victoire est une absurdit\u00e9. A chaque guerre, le but est de cr\u00e9er une meilleure r\u00e9alit\u00e9 politique. Dans le cas du conflit de Gaza, nous n\u2019atteindrons aucune sorte de r\u00e9alit\u00e9 politique. \u00bb<\/em> (The New York Times, 21 mai 2021).<\/p>\n<p>De son c\u00f4t\u00e9, Aluf Benn, r\u00e9dacteur en chef du quotidien Haaretz,\u00a0 consid\u00e8re que <em>\u00abc\u2019est l\u2019op\u00e9ration la plus rat\u00e9e et la plus inutile d\u2019Isra\u00ebl \u00e0 Ghaza\u00bb<\/em> car l\u2019arm\u00e9e et les multiples services de renseignement n\u2019ont rien vu venir et Benn d\u2019ajouter: <em>\u00abl\u2019arm\u00e9e n\u2019a pas la moindre id\u00e9e de la mani\u00e8re de paralyser le Hamas et de le d\u00e9stabiliser.\u00bb<\/em><\/p>\n<p>Du reste, \u00e0 quoi sert le D\u00f4me de Fer si les villes <em>\u00abmixtes\u00bb<\/em> d\u2019Isra\u00ebl -de Nazareth \u00e0 Oum el Fahm- vivent des affrontements entre Palestiniens et juifs isra\u00e9liens ? Aucune arme, aucune bombe ne garantira \u00e0 Isra\u00ebl \u2013 Etat colonial- la tranquillit\u00e9 tant que son genou \u00e9crasera la nuque de la Palestine.<\/p>\n<p>L\u2019\u00e9ditorialiste du New York Times (21 mai 2021) constate: <em>\u00abIl n\u2019est pas de l\u2019int\u00e9r\u00eat d\u2019Isra\u00ebl, des Etats Unis ou du reste du monde de rendre invivable Ghaza ou de voir une autre g\u00e9n\u00e9ration d\u2019enfants atteindre l\u2019\u00e2ge adulte et ne conna\u00eetre comme gouvernement que le Hamas et comme \u00e9conomie que le blocus et de n\u2019avoir comme certitude pour l\u2019avenir que les bombardements p\u00e9riodiques.\u00bb<\/em><\/p>\n<p>Les Palestiniens sont de retour et veulent vivre car \u00able ph\u00e9nix rena\u00eet de ses cendres\u00bb. L\u2019injustice et la violence qui les frappent finiront par cesser. Regardez l\u2019Alg\u00e9rie ou le Vietnam!<\/p>\n<p class=\"c5\"><strong>Mohamed Larbi Bouguerra<\/strong><\/p>\n<p>Auteur:<br \/>\n<a href=\"https:\/\/www.leaders.com.tn\/article\/31967-apres-l-agression-israelienne-sur-gaza-quel-bilan\">Cliquez ici pour lire l&rsquo;article depuis sa source.<\/a><\/p>\n","protected":false},"excerpt":{"rendered":"<p>Le ph\u00e9nix rena\u00eet de ses cendres. \u00abC\u2019est la d\u00e9finition des Palestiniens\u2026 Nous protestons parce que nous voulons vivre\u00bb (Omar Barghouti, dirigeant du mouvement BDS) Par Mohamed Larbi Bouguerra &#8211; Il ne s\u2019agissait pas de \u00ab guerre \u00bb mais d\u2019\u00ab agression \u00bb caract\u00e9ris\u00e9e contre un peuple d\u00e9sarm\u00e9 confin\u00e9 dans 365 km2\u00a0 de sable et de dunes. [&hellip;]<\/p>\n","protected":false},"author":1772,"featured_media":0,"comment_status":"closed","ping_status":"closed","sticky":false,"template":"","format":"standard","meta":{"fifu_image_url":"\/uploads\/FCK_files\/Mohamed-Larbi-Bouguerra(47).jpg","fifu_image_alt":"Apr\u00e8s l\u2019agression isra\u00e9lienne sur Ghaza: quel bilan?","footnotes":""},"categories":[73,55],"tags":[],"class_list":["post-117779","post","type-post","status-publish","format-standard","hentry","category-actualite","category-tunisie"],"_links":{"self":[{"href":"https:\/\/linitiative.ca\/International\/wp-json\/wp\/v2\/posts\/117779","targetHints":{"allow":["GET"]}}],"collection":[{"href":"https:\/\/linitiative.ca\/International\/wp-json\/wp\/v2\/posts"}],"about":[{"href":"https:\/\/linitiative.ca\/International\/wp-json\/wp\/v2\/types\/post"}],"author":[{"embeddable":true,"href":"https:\/\/linitiative.ca\/International\/wp-json\/wp\/v2\/users\/1772"}],"replies":[{"embeddable":true,"href":"https:\/\/linitiative.ca\/International\/wp-json\/wp\/v2\/comments?post=117779"}],"version-history":[{"count":0,"href":"https:\/\/linitiative.ca\/International\/wp-json\/wp\/v2\/posts\/117779\/revisions"}],"wp:attachment":[{"href":"https:\/\/linitiative.ca\/International\/wp-json\/wp\/v2\/media?parent=117779"}],"wp:term":[{"taxonomy":"category","embeddable":true,"href":"https:\/\/linitiative.ca\/International\/wp-json\/wp\/v2\/categories?post=117779"},{"taxonomy":"post_tag","embeddable":true,"href":"https:\/\/linitiative.ca\/International\/wp-json\/wp\/v2\/tags?post=117779"}],"curies":[{"name":"wp","href":"https:\/\/api.w.org\/{rel}","templated":true}]}}