{"id":117781,"date":"2021-06-01T06:34:00","date_gmt":"2021-06-01T10:34:00","guid":{"rendered":"https:\/\/linitiative.ca\/International\/la-pharmacie-centrale-menace\/"},"modified":"2021-06-01T06:34:00","modified_gmt":"2021-06-01T10:34:00","slug":"la-pharmacie-centrale-menace","status":"publish","type":"post","link":"https:\/\/linitiative.ca\/International\/la-pharmacie-centrale-menace\/","title":{"rendered":"La Pharmacie centrale menace"},"content":{"rendered":"<p class=\"c3\">Lanc\u00e9s en 2014, les travaux de r\u00e9novation et de mise \u00e0 niveau du Centre national de stockage et de distribution de la Pharmacie centrale des h\u00f4pitaux tra\u00eenent toujours en longueur ! Cela, en d\u00e9pit du fait que ces travaux avaient \u00e9t\u00e9 confi\u00e9s \u00e0 une entreprise nationale sp\u00e9cialis\u00e9e. Ce qui pousse la PCH \u00e0 interpeller ce prestataire d\u00e9faillant \u00e0 rem\u00e9dier \u00e0 cette situation, sans d\u00e9lai ; faute de quoi, elle proc\u00e9dera \u00e0 la r\u00e9siliation du contrat entre les deux parties et confiera le chantier \u00e0 une autre entreprise.<\/p>\n<p>Auteur:<br \/>\n<a href=\"https:\/\/www.lesoirdalgerie.com\/periscoop\/la-pharmacie-centrale-menace-62026\">Cliquez ici pour lire l&rsquo;article depuis sa source.<\/a><\/p>\n","protected":false},"excerpt":{"rendered":"<p>Lanc\u00e9s en 2014, les travaux de r\u00e9novation et de mise \u00e0 niveau du Centre national de stockage et de distribution de la Pharmacie centrale des h\u00f4pitaux tra\u00eenent toujours en longueur ! Cela, en d\u00e9pit du fait que ces travaux avaient \u00e9t\u00e9 confi\u00e9s \u00e0 une entreprise nationale sp\u00e9cialis\u00e9e. Ce qui pousse la PCH \u00e0 interpeller ce [&hellip;]<\/p>\n","protected":false},"author":1741,"featured_media":0,"comment_status":"closed","ping_status":"closed","sticky":false,"template":"","format":"standard","meta":{"fifu_image_url":"","fifu_image_alt":"","footnotes":""},"categories":[73,53],"tags":[],"class_list":["post-117781","post","type-post","status-publish","format-standard","hentry","category-actualite","category-algerie"],"_links":{"self":[{"href":"https:\/\/linitiative.ca\/International\/wp-json\/wp\/v2\/posts\/117781","targetHints":{"allow":["GET"]}}],"collection":[{"href":"https:\/\/linitiative.ca\/International\/wp-json\/wp\/v2\/posts"}],"about":[{"href":"https:\/\/linitiative.ca\/International\/wp-json\/wp\/v2\/types\/post"}],"author":[{"embeddable":true,"href":"https:\/\/linitiative.ca\/International\/wp-json\/wp\/v2\/users\/1741"}],"replies":[{"embeddable":true,"href":"https:\/\/linitiative.ca\/International\/wp-json\/wp\/v2\/comments?post=117781"}],"version-history":[{"count":0,"href":"https:\/\/linitiative.ca\/International\/wp-json\/wp\/v2\/posts\/117781\/revisions"}],"wp:attachment":[{"href":"https:\/\/linitiative.ca\/International\/wp-json\/wp\/v2\/media?parent=117781"}],"wp:term":[{"taxonomy":"category","embeddable":true,"href":"https:\/\/linitiative.ca\/International\/wp-json\/wp\/v2\/categories?post=117781"},{"taxonomy":"post_tag","embeddable":true,"href":"https:\/\/linitiative.ca\/International\/wp-json\/wp\/v2\/tags?post=117781"}],"curies":[{"name":"wp","href":"https:\/\/api.w.org\/{rel}","templated":true}]}}