{"id":117782,"date":"2021-06-01T06:34:00","date_gmt":"2021-06-01T10:34:00","guid":{"rendered":"https:\/\/linitiative.ca\/International\/minutieuse-preparation\/"},"modified":"2021-06-01T06:34:00","modified_gmt":"2021-06-01T10:34:00","slug":"minutieuse-preparation","status":"publish","type":"post","link":"https:\/\/linitiative.ca\/International\/minutieuse-preparation\/","title":{"rendered":"Minutieuse pr\u00e9paration"},"content":{"rendered":"<p class=\"c3\">Le minist\u00e8re de l\u2019Environnement pr\u00e9pare un vaste projet de num\u00e9risation de l\u2019ensemble du secteur. Pour ce faire, le d\u00e9partement de Dalila Boudjema\u00e2 compte d\u2019abord maturer le projet, en faisant appel \u00e0 des bureaux d\u2019\u00e9tudes nationaux sp\u00e9cialis\u00e9s, avant de passer \u00e0 la phase op\u00e9rationnelle. Il faut dire que ce secteur, qui se d\u00e9veloppe rapidement, ne peut se passer des nouvelles technologies et est appel\u00e9 \u00e0 jouer un r\u00f4le de premier plan sur le plan \u00e9conomique en plus de sa vocation premi\u00e8re, la protection de l\u2019environnement.<\/p>\n<p>Auteur:<br \/>\n<a href=\"https:\/\/www.lesoirdalgerie.com\/periscoop\/minutieuse-preparation-62025\">Cliquez ici pour lire l&rsquo;article depuis sa source.<\/a><\/p>\n","protected":false},"excerpt":{"rendered":"<p>Le minist\u00e8re de l\u2019Environnement pr\u00e9pare un vaste projet de num\u00e9risation de l\u2019ensemble du secteur. Pour ce faire, le d\u00e9partement de Dalila Boudjema\u00e2 compte d\u2019abord maturer le projet, en faisant appel \u00e0 des bureaux d\u2019\u00e9tudes nationaux sp\u00e9cialis\u00e9s, avant de passer \u00e0 la phase op\u00e9rationnelle. Il faut dire que ce secteur, qui se d\u00e9veloppe rapidement, ne peut [&hellip;]<\/p>\n","protected":false},"author":1741,"featured_media":0,"comment_status":"closed","ping_status":"closed","sticky":false,"template":"","format":"standard","meta":{"fifu_image_url":"","fifu_image_alt":"","footnotes":""},"categories":[73,53],"tags":[],"class_list":["post-117782","post","type-post","status-publish","format-standard","hentry","category-actualite","category-algerie"],"_links":{"self":[{"href":"https:\/\/linitiative.ca\/International\/wp-json\/wp\/v2\/posts\/117782","targetHints":{"allow":["GET"]}}],"collection":[{"href":"https:\/\/linitiative.ca\/International\/wp-json\/wp\/v2\/posts"}],"about":[{"href":"https:\/\/linitiative.ca\/International\/wp-json\/wp\/v2\/types\/post"}],"author":[{"embeddable":true,"href":"https:\/\/linitiative.ca\/International\/wp-json\/wp\/v2\/users\/1741"}],"replies":[{"embeddable":true,"href":"https:\/\/linitiative.ca\/International\/wp-json\/wp\/v2\/comments?post=117782"}],"version-history":[{"count":0,"href":"https:\/\/linitiative.ca\/International\/wp-json\/wp\/v2\/posts\/117782\/revisions"}],"wp:attachment":[{"href":"https:\/\/linitiative.ca\/International\/wp-json\/wp\/v2\/media?parent=117782"}],"wp:term":[{"taxonomy":"category","embeddable":true,"href":"https:\/\/linitiative.ca\/International\/wp-json\/wp\/v2\/categories?post=117782"},{"taxonomy":"post_tag","embeddable":true,"href":"https:\/\/linitiative.ca\/International\/wp-json\/wp\/v2\/tags?post=117782"}],"curies":[{"name":"wp","href":"https:\/\/api.w.org\/{rel}","templated":true}]}}