{"id":117786,"date":"2021-06-01T10:44:31","date_gmt":"2021-06-01T14:44:31","guid":{"rendered":"https:\/\/linitiative.ca\/International\/espagne-la-crise-avec-le-maroc-accelere-larrivee-des-travailleurs-saisonniers-du-honduras\/"},"modified":"2021-06-01T10:44:31","modified_gmt":"2021-06-01T14:44:31","slug":"espagne-la-crise-avec-le-maroc-accelere-larrivee-des-travailleurs-saisonniers-du-honduras","status":"publish","type":"post","link":"https:\/\/linitiative.ca\/International\/espagne-la-crise-avec-le-maroc-accelere-larrivee-des-travailleurs-saisonniers-du-honduras\/","title":{"rendered":"Espagne : la crise avec le Maroc acc\u00e9l\u00e8re l\u2019arriv\u00e9e des travailleurs saisonniers du Honduras"},"content":{"rendered":"<p><strong>Le gouvernement espagnol est contraint d\u2019acc\u00e9l\u00e9rer la signature d\u2019un accord avec le Honduras, afin d\u2019\u00e9viter un potentiel manque de main-d\u2019\u0153uvre agricole en Espagne.<\/strong><\/p>\n<div class=\"c10\">\n<\/div>\n<p>Le conflit diplomatique entre l\u2019Espagne et le Maroc a eu des cons\u00e9quences dramatiques pour les quelque 20 000 travailleurs saisonniers marocains. Pour cette raison, le gouvernement a \u00e9t\u00e9 contraint d\u2019acc\u00e9l\u00e9rer la signature d\u2019un accord avec la R\u00e9publique du Honduras pour r\u00e9guler et ordonner les flux migratoires entre les deux pays et \u00e9viter le manque de main-d\u2019\u0153uvre agricole pendant la saison estivale. Les principales associations agricoles espagnoles se r\u00e9jouissent de cet accord, notamment en raison des facilit\u00e9s qu\u2019implique le partage de coutumes similaires et de la m\u00eame langue.<\/p>\n<p><strong>Lire aussi| <a href=\"https:\/\/www.challenge.ma\/un-avion-algerien-qui-devait-recuperer-brahim-ghali-a-du-rebrousser-chemin-186531\/\">Un avion alg\u00e9rien qui devait r\u00e9cup\u00e9rer Brahim Ghali a d\u00fb rebrousser chemin<\/a><\/strong><\/p>\n<p>Le pr\u00e9sident d\u2019Asaja (association d\u2019agriculture en Espagne), Pedro Barato, a assur\u00e9 qu\u2019il s\u2019agissait d\u2019un accord \u00ab\u00a0important et positif\u00a0\u00bb, dont ils sont \u00ab\u00a0satisfaits\u00a0\u00bb car ils n\u2019ont \u00ab\u00a0aucun autre recours\u00a0\u00bb. \u00ab\u00a0En principe, tout accord conclu avec les pays am\u00e9ricains est important, surtout lorsque nous partageons la m\u00eame langue et que nos coutumes sont tr\u00e8s similaires. Le probl\u00e8me est que nous avions tout organis\u00e9 avec le Maroc, car chaque ann\u00e9e, entre 14 000 et 20 000 hommes et femmes venaient de l\u00e0-bas\u00a0\u00bb.<\/p>\n<p>Il tient \u00e0 rappeler que la commission espagnole des flux de main-d\u2019\u0153uvre, qui regroupe les principaux syndicats et associations agricoles, avait r\u00e9clam\u00e9 pendant un an un accord pour faciliter le recrutement du Honduras, ainsi que d\u2019autres pays proches culturellement de l\u2019Espagne. Mais le conflit avec le Maroc \u00ab\u00a0a acc\u00e9l\u00e9r\u00e9\u00a0\u00bb le processus au risque de laisser les campagnes espagnoles sans travailleurs saisonniers. L\u2019ASAJA insiste sur le fait qu\u2019il faut continuer \u00e0 travailler pour \u00ab\u00a0conclure des accords avec d\u2019autres pays du Maghreb, d\u2019Am\u00e9rique et d\u2019Asie, en suivant l\u2019exemple du Portugal.<\/p>\n<p><strong>Lire aussi| <a href=\"https:\/\/www.challenge.ma\/brahim-ghali-autorise-a-quitter-lespagne-la-justice-refuse-le-retrait-du-passeport-186517\/\">Brahim Ghali autoris\u00e9 \u00e0 quitter l\u2019Espagne, la justice refuse le retrait du passeport<\/a><\/strong><\/p>\n<p>Bien que l\u2019ASAJA ne pr\u00e9voit pas un manque de travailleurs saisonniers pour cette ann\u00e9e, Pedro Barato insiste sur le fait qu\u2019\u00a0\u00ab\u00a0il y aura des situations complexes\u00a0\u00bb pendant la campagne et que le conflit avec le Maroc \u00ab\u00a0aura des cons\u00e9quences\u00a0\u00bb pour la campagne espagnole, du moins jusqu\u2019\u00e0 ce que les agriculteurs puissent se r\u00e9organiser. Il a \u00e9galement d\u00e9nonc\u00e9 le fait qu\u2019en Espagne, le principal manque n\u2019est pas la main d\u2019\u0153uvre, mais plut\u00f4t l\u2019envie de travailler. Il d\u00e9plore la situation du non-emploi en Espagne\u00a0:\u00a0\u00ab\u00a0avec trois millions et demi de ch\u00f4meurs, il y a malheureusement des gens qui pr\u00e9f\u00e8rent toucher une subvention ou une aide, plut\u00f4t que de travailler sur le terrain et accepter diff\u00e9rentes t\u00e2ches saisonni\u00e8res\u00a0\u00bb.<\/p>\n<p>Auteur: Amine Messaoudi<br \/>\n<a href=\"https:\/\/www.challenge.ma\/le-conflit-espagnol-avec-le-maroc-accelere-larrivee-des-travailleurs-saisonniers-du-honduras-en-espagne-186549\/\">Cliquez ici pour lire l&rsquo;article depuis sa source.<\/a><\/p>\n","protected":false},"excerpt":{"rendered":"<p>Le gouvernement espagnol est contraint d\u2019acc\u00e9l\u00e9rer la signature d\u2019un accord avec le Honduras, afin d\u2019\u00e9viter un potentiel manque de main-d\u2019\u0153uvre agricole en Espagne. Le conflit diplomatique entre l\u2019Espagne et le Maroc a eu des cons\u00e9quences dramatiques pour les quelque 20 000 travailleurs saisonniers marocains. Pour cette raison, le gouvernement a \u00e9t\u00e9 contraint d\u2019acc\u00e9l\u00e9rer la signature [&hellip;]<\/p>\n","protected":false},"author":1787,"featured_media":0,"comment_status":"closed","ping_status":"closed","sticky":false,"template":"","format":"standard","meta":{"fifu_image_url":"","fifu_image_alt":"","footnotes":""},"categories":[78,54],"tags":[],"class_list":["post-117786","post","type-post","status-publish","format-standard","hentry","category-economie","category-maroc"],"_links":{"self":[{"href":"https:\/\/linitiative.ca\/International\/wp-json\/wp\/v2\/posts\/117786","targetHints":{"allow":["GET"]}}],"collection":[{"href":"https:\/\/linitiative.ca\/International\/wp-json\/wp\/v2\/posts"}],"about":[{"href":"https:\/\/linitiative.ca\/International\/wp-json\/wp\/v2\/types\/post"}],"author":[{"embeddable":true,"href":"https:\/\/linitiative.ca\/International\/wp-json\/wp\/v2\/users\/1787"}],"replies":[{"embeddable":true,"href":"https:\/\/linitiative.ca\/International\/wp-json\/wp\/v2\/comments?post=117786"}],"version-history":[{"count":0,"href":"https:\/\/linitiative.ca\/International\/wp-json\/wp\/v2\/posts\/117786\/revisions"}],"wp:attachment":[{"href":"https:\/\/linitiative.ca\/International\/wp-json\/wp\/v2\/media?parent=117786"}],"wp:term":[{"taxonomy":"category","embeddable":true,"href":"https:\/\/linitiative.ca\/International\/wp-json\/wp\/v2\/categories?post=117786"},{"taxonomy":"post_tag","embeddable":true,"href":"https:\/\/linitiative.ca\/International\/wp-json\/wp\/v2\/tags?post=117786"}],"curies":[{"name":"wp","href":"https:\/\/api.w.org\/{rel}","templated":true}]}}