{"id":117787,"date":"2021-06-01T11:19:34","date_gmt":"2021-06-01T15:19:34","guid":{"rendered":"https:\/\/linitiative.ca\/International\/le-maroc-bloque-laccord-sur-lhydrogene-vert-avec-lallemagne\/"},"modified":"2021-06-01T11:19:34","modified_gmt":"2021-06-01T15:19:34","slug":"le-maroc-bloque-laccord-sur-lhydrogene-vert-avec-lallemagne","status":"publish","type":"post","link":"https:\/\/linitiative.ca\/International\/le-maroc-bloque-laccord-sur-lhydrogene-vert-avec-lallemagne\/","title":{"rendered":"Le Maroc bloque l\u2019accord sur l\u2019hydrog\u00e8ne vert avec l\u2019Allemagne"},"content":{"rendered":"<p><strong>Les tensions entre Berlin et Rabat ont r\u00e9cemment mis un frein temporaire au projet de neutralit\u00e9 \u00e9nerg\u00e9tique de l\u2019Allemagne. Ce projet \u00e9nerg\u00e9tique vit quelques turbulences depuis que les tensions entre les deux pays ont connu un tournant significatif les derniers mois.<\/strong><\/p>\n<div class=\"c10\">\n<\/div>\n<p>Avec le soutien \u00e9mergent de la communaut\u00e9 internationale, notamment apr\u00e8s la d\u00e9claration de Donald Trump sur la question du Sahara, le Maroc s\u2019affirme de plus en plus dans son rejet ferme de toute ing\u00e9rence \u00e9trang\u00e8re dans cette affaire. L\u2019Allemagne en a aussi pay\u00e9 les frais \u00e0 l\u2019image de l\u2019Espagne. Le Maroc a \u00e9galement fait part de sa volont\u00e9 de reconsid\u00e9rer d\u00e9finitivement l\u2019accord, ce qui pourrait nuire consid\u00e9rablement aux ambitions de neutralit\u00e9 \u00e9nerg\u00e9tique de l\u2019Allemagne.<\/p>\n<p>Pour rappel, en juin 2020, apr\u00e8s que le gouvernement allemand a pr\u00e9sent\u00e9 sa strat\u00e9gie nationale pour l\u2019hydrog\u00e8ne, le Maroc a \u00e9t\u00e9 le premier pays \u00e0 signer un projet conjoint de d\u00e9veloppement de l\u2019hydrog\u00e8ne vert. Le plan pr\u00e9voyait que le Maroc s\u2019associe au minist\u00e8re allemand de la Coop\u00e9ration \u00e9conomique et du D\u00e9veloppement pour diriger des projets conjoints de recherche et d\u2019investissement dans l\u2019utilisation de l\u2019hydrog\u00e8ne, qui fait partie int\u00e9grante des objectifs de neutralit\u00e9 \u00e9nerg\u00e9tique de l\u2019Allemagne.<\/p>\n<p><strong>Lire aussi | <a href=\"https:\/\/www.challenge.ma\/le-conflit-espagnol-avec-le-maroc-accelere-larrivee-des-travailleurs-saisonniers-du-honduras-en-espagne-186549\/\" target=\"_blank\" rel=\"noreferrer noopener\">Le conflit espagnol avec le Maroc acc\u00e9l\u00e8re l\u2019arriv\u00e9e des travailleurs saisonniers du Honduras en Espagne<\/a><\/strong><\/p>\n<p>Le partenariat germano-marocain dans le domaine de l\u2019hydrog\u00e8ne \u00ab\u00a0reste d\u2019un int\u00e9r\u00eat mutuel du point de vue du gouvernement f\u00e9d\u00e9ral [allemand], mais est mis \u00e0 l\u2019\u00e9preuve en raison des d\u00e9veloppements actuels\u00a0\u00bb, selon El Mundo qui cite la r\u00e9ponse du minist\u00e8re allemand des Affaires \u00e9trang\u00e8res \u00e0 une question parlementaire\u00a0: \u00ab\u00a0Si la situation actuelle se poursuit, le gouvernement allemand consid\u00e8re que des cons\u00e9quences n\u00e9gatives pour la cr\u00e9ation d\u2019entreprises et l\u2019attractivit\u00e9 du march\u00e9 ne peuvent \u00eatre exclues\u00a0\u00bb.<\/p>\n<p>Le Maroc ne recevra les fonds promis que s\u2019il \u00ab\u00a0remplit ses obligations contractuelles\u00a0\u00bb, selon le minist\u00e8re allemand des Affaires \u00e9trang\u00e8res. La Banque allemande de d\u00e9veloppement (KfW), principal partenaire pour la structuration des pr\u00eats entre les deux pays dans cette entreprise, a d\u00e9clar\u00e9 au journal espagnol que tous les projets entre les deux pays ont \u00e9t\u00e9 temporairement suspendus.\u00a0<\/p>\n<p><strong>Lire aussi | <a href=\"https:\/\/www.challenge.ma\/transferts-mre-une-hausse-de-415-186511\/\" target=\"_blank\" rel=\"noreferrer noopener\">Transferts MRE : une hausse de 41,5%<\/a><\/strong><\/p>\n<p>Ni le minist\u00e8re allemand des Affaires \u00e9trang\u00e8res, ni la KfW ne sont en mesure de donner un calendrier pr\u00e9cis pour la reprise des relations \u00e9conomiques, ce qui met en p\u00e9ril l\u2019investissement de 2 milliards d\u2019euros (21,6 milliards de DH) de l\u2019Allemagne dans son plan de neutralit\u00e9 \u00e9nerg\u00e9tique. Selon la Fondation Heinrich Boll, une organisation politique verte qui poss\u00e8de un si\u00e8ge \u00e0 Rabat\u00a0: \u00ab\u00a0le Maroc est incontestablement un pr\u00e9curseur de la politique climatique et \u00e9nerg\u00e9tique en Afrique, mais aussi dans le reste du monde\u00a0\u00bb et il serait donc important de d\u00e9passer ces tensions. La situation actuelle nuit aux deux parties.<\/p>\n<p>Auteur: Amine Messaoudi<br \/>\n<a href=\"https:\/\/www.challenge.ma\/le-maroc-bloque-laccord-sur-lhydrogene-vert-avec-lallemagne-186562\/\">Cliquez ici pour lire l&rsquo;article depuis sa source.<\/a><\/p>\n","protected":false},"excerpt":{"rendered":"<p>Les tensions entre Berlin et Rabat ont r\u00e9cemment mis un frein temporaire au projet de neutralit\u00e9 \u00e9nerg\u00e9tique de l\u2019Allemagne. Ce projet \u00e9nerg\u00e9tique vit quelques turbulences depuis que les tensions entre les deux pays ont connu un tournant significatif les derniers mois. Avec le soutien \u00e9mergent de la communaut\u00e9 internationale, notamment apr\u00e8s la d\u00e9claration de Donald [&hellip;]<\/p>\n","protected":false},"author":1787,"featured_media":0,"comment_status":"closed","ping_status":"closed","sticky":false,"template":"","format":"standard","meta":{"fifu_image_url":"","fifu_image_alt":"","footnotes":""},"categories":[78,54],"tags":[],"class_list":["post-117787","post","type-post","status-publish","format-standard","hentry","category-economie","category-maroc"],"_links":{"self":[{"href":"https:\/\/linitiative.ca\/International\/wp-json\/wp\/v2\/posts\/117787","targetHints":{"allow":["GET"]}}],"collection":[{"href":"https:\/\/linitiative.ca\/International\/wp-json\/wp\/v2\/posts"}],"about":[{"href":"https:\/\/linitiative.ca\/International\/wp-json\/wp\/v2\/types\/post"}],"author":[{"embeddable":true,"href":"https:\/\/linitiative.ca\/International\/wp-json\/wp\/v2\/users\/1787"}],"replies":[{"embeddable":true,"href":"https:\/\/linitiative.ca\/International\/wp-json\/wp\/v2\/comments?post=117787"}],"version-history":[{"count":0,"href":"https:\/\/linitiative.ca\/International\/wp-json\/wp\/v2\/posts\/117787\/revisions"}],"wp:attachment":[{"href":"https:\/\/linitiative.ca\/International\/wp-json\/wp\/v2\/media?parent=117787"}],"wp:term":[{"taxonomy":"category","embeddable":true,"href":"https:\/\/linitiative.ca\/International\/wp-json\/wp\/v2\/categories?post=117787"},{"taxonomy":"post_tag","embeddable":true,"href":"https:\/\/linitiative.ca\/International\/wp-json\/wp\/v2\/tags?post=117787"}],"curies":[{"name":"wp","href":"https:\/\/api.w.org\/{rel}","templated":true}]}}