{"id":117789,"date":"2021-06-01T12:14:42","date_gmt":"2021-06-01T16:14:42","guid":{"rendered":"https:\/\/linitiative.ca\/International\/amnistie-en-recouvrement-fiscal-et-creances-publiques-compte-a-rebours\/"},"modified":"2021-06-01T12:14:42","modified_gmt":"2021-06-01T16:14:42","slug":"amnistie-en-recouvrement-fiscal-et-creances-publiques-compte-a-rebours","status":"publish","type":"post","link":"https:\/\/linitiative.ca\/International\/amnistie-en-recouvrement-fiscal-et-creances-publiques-compte-a-rebours\/","title":{"rendered":"Amnistie en recouvrement fiscal et cr\u00e9ances publiques : compte \u00e0 rebours !"},"content":{"rendered":"<p><strong>Ce n\u2019est plus qu\u2019une question de jours. Le 30 juin, \u00e0 minuit, devra prendre fin le d\u00e9lai pr\u00e9vu par la loi de finances 2020, en mati\u00e8re de recouvrement fiscal et autres cr\u00e9ances publiques.<\/strong><\/p>\n<div class=\"c10\">\n<\/div>\n<p>Il s\u2019agit de l\u2019annulation des amendes, p\u00e9nalit\u00e9s, majorations et frais de recouvrement concernant certaines impositions \u00e9mises ant\u00e9rieurement au 1<sup>er<\/sup> janvier 2020. Plus exactement, cette mesure exceptionnelle vise \u00e0 inciter les contribuables \u00e0 honorer leurs dettes fiscales avec la possibilit\u00e9 de b\u00e9n\u00e9ficier automatiquement de l\u2019annulation totale des amendes, p\u00e9nalit\u00e9s, majorations et frais de recouvrement aff\u00e9rents au principal des imp\u00f4ts, droits et taxes, pr\u00e9vus par le Code G\u00e9n\u00e9ral des Imp\u00f4ts (CGI), ainsi que ceux supprim\u00e9s ou ins\u00e9r\u00e9s dans ledit CGI, ayant fait l\u2019objet de mise en recouvrement avant le 1<sup>er<\/sup> janvier 2020, et demeur\u00e9s impay\u00e9s au 31 d\u00e9cembre 2020, \u00e0 condition de s\u2019acquitter spontan\u00e9ment du principal desdits imp\u00f4ts, droits et taxes, avant le 1<sup>er<\/sup> juillet 2021.<\/p>\n<p>Les redevables uniquement d\u2019amendes, p\u00e9nalit\u00e9s, majorations et frais de recouvrement, demeur\u00e9s impay\u00e9s, au 31 d\u00e9cembre 2020, peuvent b\u00e9n\u00e9ficier d\u2019une r\u00e9duction automatique de 50% des montants r\u00e9sultant desdites sanctions fiscales, \u00e0 condition d\u2019en acquitter 50% dudit montant.<\/p>\n<p><strong>Lire aussi | <a href=\"https:\/\/www.challenge.ma\/le-maroc-bloque-laccord-sur-lhydrogene-vert-avec-lallemagne-186562\/\" target=\"_blank\" rel=\"noreferrer noopener\">Le Maroc bloque l\u2019accord sur l\u2019hydrog\u00e8ne vert avec l\u2019Allemagne<\/a><\/strong><\/p>\n<p>Ainsi, ne sont pas concern\u00e9s ici les imp\u00f4ts, droits et taxes pr\u00e9vus notamment par la fiscalit\u00e9 locale et encore moins les \u00ab\u00a0taxes parafiscales\u00a0\u00bb. Par ailleurs, il y a lieu de pr\u00e9ciser que les contribuables concern\u00e9s et int\u00e9ress\u00e9s n\u2019ont pas besoin d\u2019introduire au pr\u00e9alable une demande de remise gracieuse. Lesdites annulations sont effectu\u00e9es d\u2019office par le receveur de l\u2019administration fiscale ou percepteur lors de l\u2019acquittement int\u00e9gral du principal des imp\u00f4ts, droits et taxes. Ont \u00e9t\u00e9 exclus de cette amnistie, les cas ayant fait l\u2019objet d\u2019une proc\u00e9dure de rectification de la base imposable ayant abouti, avant le 1er janvier 2021, \u00e0 la conclusion d\u2019un accord \u00e9crit, assorti de l\u2019\u00e9mission de l\u2019imposition avant cette date.<\/p>\n<p>A noter que l\u2019amnistie s\u2019\u00e9tend aussi aux majorations, p\u00e9nalit\u00e9s, int\u00e9r\u00eats de retard et frais de recouvrement des cr\u00e9ances de l\u2019\u00c9tat autres que fiscales et douani\u00e8res. S\u2019il s\u2019agit uniquement de majorations, p\u00e9nalit\u00e9s et frais de recouvrement relatifs \u00e0 ces cr\u00e9ances, l\u2019annulation est totale et s\u2019effectue d\u2019office.<\/p>\n<p><strong>Lire aussi | <a href=\"https:\/\/www.challenge.ma\/le-conflit-espagnol-avec-le-maroc-accelere-larrivee-des-travailleurs-saisonniers-du-honduras-en-espagne-186549\/\">Espagne : la crise avec le Maroc acc\u00e9l\u00e8re l\u2019arriv\u00e9e des travailleurs saisonniers du Honduras<\/a><\/strong><\/p>\n<p>Ainsi, en principe, le Tr\u00e9sor Public pourra, pendant ce mois de juin, r\u00e9aliser une \u00ab\u00a0r\u00e9colte exceptionnelle\u00a0\u00bb et remplir les caisses de l\u2019\u00c9tat, d\u00e9j\u00e0 lamin\u00e9es par les effets \u00e9conomiques du Covid-19. Les contribuables concern\u00e9s pourront aussi, apr\u00e8s le 30 juin, assainir leur situation fiscale et remettre leurs compteurs fiscaux \u00e0 z\u00e9ro.<\/p>\n<p>Auteur: Mohamed Amine<br \/>\n<a href=\"https:\/\/www.challenge.ma\/amnistie-en-recouvrement-fiscal-et-creances-publiques-compte-a-rebours-186585\/\">Cliquez ici pour lire l&rsquo;article depuis sa source.<\/a><\/p>\n","protected":false},"excerpt":{"rendered":"<p>Ce n\u2019est plus qu\u2019une question de jours. Le 30 juin, \u00e0 minuit, devra prendre fin le d\u00e9lai pr\u00e9vu par la loi de finances 2020, en mati\u00e8re de recouvrement fiscal et autres cr\u00e9ances publiques. Il s\u2019agit de l\u2019annulation des amendes, p\u00e9nalit\u00e9s, majorations et frais de recouvrement concernant certaines impositions \u00e9mises ant\u00e9rieurement au 1er janvier 2020. Plus [&hellip;]<\/p>\n","protected":false},"author":1787,"featured_media":0,"comment_status":"closed","ping_status":"closed","sticky":false,"template":"","format":"standard","meta":{"fifu_image_url":"","fifu_image_alt":"","footnotes":""},"categories":[78,54],"tags":[],"class_list":["post-117789","post","type-post","status-publish","format-standard","hentry","category-economie","category-maroc"],"_links":{"self":[{"href":"https:\/\/linitiative.ca\/International\/wp-json\/wp\/v2\/posts\/117789","targetHints":{"allow":["GET"]}}],"collection":[{"href":"https:\/\/linitiative.ca\/International\/wp-json\/wp\/v2\/posts"}],"about":[{"href":"https:\/\/linitiative.ca\/International\/wp-json\/wp\/v2\/types\/post"}],"author":[{"embeddable":true,"href":"https:\/\/linitiative.ca\/International\/wp-json\/wp\/v2\/users\/1787"}],"replies":[{"embeddable":true,"href":"https:\/\/linitiative.ca\/International\/wp-json\/wp\/v2\/comments?post=117789"}],"version-history":[{"count":0,"href":"https:\/\/linitiative.ca\/International\/wp-json\/wp\/v2\/posts\/117789\/revisions"}],"wp:attachment":[{"href":"https:\/\/linitiative.ca\/International\/wp-json\/wp\/v2\/media?parent=117789"}],"wp:term":[{"taxonomy":"category","embeddable":true,"href":"https:\/\/linitiative.ca\/International\/wp-json\/wp\/v2\/categories?post=117789"},{"taxonomy":"post_tag","embeddable":true,"href":"https:\/\/linitiative.ca\/International\/wp-json\/wp\/v2\/tags?post=117789"}],"curies":[{"name":"wp","href":"https:\/\/api.w.org\/{rel}","templated":true}]}}