{"id":117793,"date":"2021-06-01T16:40:17","date_gmt":"2021-06-01T20:40:17","guid":{"rendered":"https:\/\/linitiative.ca\/International\/tunisie-kairouan-kais-saied-envoie-un-laboratoire-alors-que-la-region-manque-de-lits-dhospitalisation\/"},"modified":"2021-06-01T16:40:17","modified_gmt":"2021-06-01T20:40:17","slug":"tunisie-kairouan-kais-saied-envoie-un-laboratoire-alors-que-la-region-manque-de-lits-dhospitalisation","status":"publish","type":"post","link":"https:\/\/linitiative.ca\/International\/tunisie-kairouan-kais-saied-envoie-un-laboratoire-alors-que-la-region-manque-de-lits-dhospitalisation\/","title":{"rendered":"Tunisie \u2013 Kairouan\u00a0: Ka\u00efs Sa\u00efed envoie un laboratoire alors que la r\u00e9gion manque de lits d\u2019hospitalisation"},"content":{"rendered":"<div id=\"content-main\" class=\"left relative left relative\">\n<div class=\"post-info-out\">\n<div class=\"post-info-img left relative\"><img decoding=\"async\" alt=\"\" src=\"https:\/\/secure.gravatar.com\/avatar\/96253f4a657b482a18e837c1252096c2?s=50&amp;d=mm&amp;r=g\" srcset=\"https:\/\/secure.gravatar.com\/avatar\/96253f4a657b482a18e837c1252096c2?s=100&amp;d=mm&amp;r=g 2x\" class=\"avatar avatar-50 photo\" height=\"50\" width=\"50\" loading=\"lazy\"\/><\/div>\n<div class=\"post-info-in\">\n<div class=\"post-info-right left relative post-info-name left relative\"><span><span class=\"post-info-text\">Par<\/span> <span class=\"author-name vcard fn author\"><a href=\"https:\/\/www.tunisienumerique.com\/author\/saber\/\" title=\"Articles par Saber .\" rel=\"author\">Saber .<\/a><\/span><\/span> <span class=\"post-date updated\"><time class=\"post-date updated\" datetime=\"2021-06-01\">\u00a0| Il y a 1 minute<\/time><\/span><br \/>\n<meta itemprop=\"dateModified\" content=\"2021-06-01\"\/><\/div>\n<\/div>\n<\/div>\n<div class=\"code-block code-block-1 c4\">\n <ins class=\"adsbygoogle c3\" data-ad-layout=\"in-article\" data-ad-format=\"fluid\" data-ad-client=\"ca-pub-2102118777505746\" data-ad-slot=\"7301775417\"\/>\n<\/div>\n<p>Le directeur r\u00e9gional de la sant\u00e9 de Kairouan a lanc\u00e9, depuis hier, un cri de d\u00e9tresse, en rapport avec la situation \u00e9pid\u00e9miologique du covid, dans la r\u00e9gion. Il a assur\u00e9 que les services covid, ainsi que les lits de r\u00e9animation, sont arriv\u00e9s \u00e0 saturation.<\/p>\n<p>Ce cri n\u2019est pas tomb\u00e9 dans l\u2019oreille d\u2019un sourd, puisque le pr\u00e9sident de la R\u00e9publique, qui semble nourrir des sentiments particuliers \u00e0 cette r\u00e9gion, notamment en ce qui concerne ses \u00e9tablissements hospitaliers, a imm\u00e9diatement r\u00e9agi et a ordonn\u00e9 le d\u00e9ploiement du laboratoire de biologie de campagne de l\u2019arm\u00e9e, dans la ville, pour aider \u00e0 d\u00e9passer la situation.<\/p>\n<p>Or, il semblerait que les conseillers de Ka\u00efs Sa\u00efed l\u2019aient mis sur la mauvaise piste, puisque la r\u00e9gion ne manquait, sp\u00e9cialement, de moyens logistiques pour pratiquer les tests PCR pour les patients, mais, plut\u00f4t, de lits d\u2019hospitalisation, pour admettre les malades qui demeurent de longues heures dans les couloirs des urgences \u00e0 attendre la lib\u00e9ration d\u2019un lit d\u2019hospitalisation. Et le d\u00e9ploiement d\u2019un laboratoire de campagne ne saurait, malgr\u00e9 la promptitude de la d\u00e9cision, les aider \u00e0 se faire hospitaliser\u00a0!<\/p>\n<p>Un autre exemple, s\u2019il en fallait, pour montrer \u00e0 quel point les dissensions entres les deux t\u00eates de l\u2019ex\u00e9cutif, et le d\u00e9faut d\u2019une communication et d\u2019une coordination entre les deux parties, pourrait conduire \u00e0 ce type de mauvaise gestion\u00a0!<\/p>\n<p><a href=\"https:\/\/www.tunisienumerique.com\/tunisie-kairouan-kais-saied-envoie-un-laboratoire-alors-que-la-region-manque-de-lits-dhospitalisation\/comm-presid\/\" rel=\"attachment wp-att-667897\"><img decoding=\"async\" loading=\"lazy\" class=\"aligncenter size-full wp-image-667897\" src=\"https:\/\/www.tunisienumerique.com\/wp-content\/uploads\/2021\/06\/comm-presid.jpg\" alt=\"\" width=\"499\" height=\"491\" srcset=\"https:\/\/www.tunisienumerique.com\/wp-content\/uploads\/2021\/06\/comm-presid.jpg 499w, https:\/\/www.tunisienumerique.com\/wp-content\/uploads\/2021\/06\/comm-presid-80x80.jpg 80w\" sizes=\"auto, (max-width: 499px) 100vw, 499px\"\/><\/a><\/p>\n<div class=\"swp_social_panel swp_horizontal_panel swp_flat_fresh swp_default_full_color swp_individual_full_color swp_other_full_color scale-100 scale-\" data-min-width=\"1100\" data-float-color=\"#ffffff\" data-float=\"bottom\" data-float-mobile=\"bottom\" data-transition=\"slide\">\n<div class=\"nc_tweetContainer swp_share_button total_shares total_sharesalt\"><span class=\"swp_count\">0 <span class=\"swp_label\">Partages<\/span><\/span><\/div>\n<\/div>\n<p><strong>Que se passe-t-il en Tunisie?<\/strong><br \/>Nous expliquons sur notre <a href=\"https:\/\/www.youtube.com\/channel\/UCRzypVq0B_yBad5eGrwBx0Q?sub_confirmation=1\" target=\"_blank\" rel=\"noopener\">cha\u00eene YouTube<\/a> . <a href=\"https:\/\/www.youtube.com\/channel\/UCRzypVq0B_yBad5eGrwBx0Q?sub_confirmation=1\" target=\"_blank\" rel=\"noopener\">Abonnez-vous!<\/a><\/p>\n<div class=\"mvp-org-wrap\" itemprop=\"publisher\">\n<div class=\"mvp-org-logo\" itemprop=\"logo\"><img decoding=\"async\" src=\"https:\/\/www.tunisienumerique.com\/wp-content\/uploads\/2017\/02\/logo_tunisie_numerique.png\"\/><br \/>\n<meta itemprop=\"url\" content=\"https:\/\/www.tunisienumerique.com\/wp-content\/uploads\/2017\/02\/logo_tunisie_numerique.png\"\/><\/div>\n<p><meta content=\"Tunisie\"\/><\/div>\n<div class=\"mvp-related-posts left relative\">\n<h4 class=\"post-header\"><span class=\"post-header\">Lire aussi<\/span><\/h4>\n<\/div>\n<div id=\"article-ad\">\n <ins class=\"adsbygoogle c5\" data-ad-client=\"ca-pub-2102118777505746\" data-ad-slot=\"6513972734\" data-ad-format=\"auto\" data-full-width-responsive=\"true\"\/>\n<\/div>\n<\/div>\n<div id=\"post-sidebar-wrap\">\n <ins class=\"adsbygoogle c5\" data-ad-client=\"ca-pub-2102118777505746\" data-ad-slot=\"6168283410\" data-ad-format=\"auto\" data-full-width-responsive=\"true\"\/>\n<\/div>\n<p>Auteur: Saber .<br \/>\n<a href=\"https:\/\/www.tunisienumerique.com\/tunisie-kairouan-kais-saied-envoie-un-laboratoire-alors-que-la-region-manque-de-lits-dhospitalisation\/\">Cliquez ici pour lire l&rsquo;article depuis sa source.<\/a><\/p>\n","protected":false},"excerpt":{"rendered":"<p>Par Saber . \u00a0| Il y a 1 minute Le directeur r\u00e9gional de la sant\u00e9 de Kairouan a lanc\u00e9, depuis hier, un cri de d\u00e9tresse, en rapport avec la situation \u00e9pid\u00e9miologique du covid, dans la r\u00e9gion. Il a assur\u00e9 que les services covid, ainsi que les lits de r\u00e9animation, sont arriv\u00e9s \u00e0 saturation. Ce cri [&hellip;]<\/p>\n","protected":false},"author":1789,"featured_media":0,"comment_status":"closed","ping_status":"closed","sticky":false,"template":"","format":"standard","meta":{"fifu_image_url":"https:\/\/secure.gravatar.com\/avatar\/96253f4a657b482a18e837c1252096c2?s=50&d=mm&r=g","fifu_image_alt":"Tunisie \u2013 Kairouan\u00a0: Ka\u00efs Sa\u00efed envoie un laboratoire alors que la r\u00e9gion manque de lits d\u2019hospitalisation","footnotes":""},"categories":[73,55],"tags":[],"class_list":["post-117793","post","type-post","status-publish","format-standard","hentry","category-actualite","category-tunisie"],"_links":{"self":[{"href":"https:\/\/linitiative.ca\/International\/wp-json\/wp\/v2\/posts\/117793","targetHints":{"allow":["GET"]}}],"collection":[{"href":"https:\/\/linitiative.ca\/International\/wp-json\/wp\/v2\/posts"}],"about":[{"href":"https:\/\/linitiative.ca\/International\/wp-json\/wp\/v2\/types\/post"}],"author":[{"embeddable":true,"href":"https:\/\/linitiative.ca\/International\/wp-json\/wp\/v2\/users\/1789"}],"replies":[{"embeddable":true,"href":"https:\/\/linitiative.ca\/International\/wp-json\/wp\/v2\/comments?post=117793"}],"version-history":[{"count":0,"href":"https:\/\/linitiative.ca\/International\/wp-json\/wp\/v2\/posts\/117793\/revisions"}],"wp:attachment":[{"href":"https:\/\/linitiative.ca\/International\/wp-json\/wp\/v2\/media?parent=117793"}],"wp:term":[{"taxonomy":"category","embeddable":true,"href":"https:\/\/linitiative.ca\/International\/wp-json\/wp\/v2\/categories?post=117793"},{"taxonomy":"post_tag","embeddable":true,"href":"https:\/\/linitiative.ca\/International\/wp-json\/wp\/v2\/tags?post=117793"}],"curies":[{"name":"wp","href":"https:\/\/api.w.org\/{rel}","templated":true}]}}