{"id":117795,"date":"2021-06-01T17:17:20","date_gmt":"2021-06-01T21:17:20","guid":{"rendered":"https:\/\/linitiative.ca\/International\/mouvement-ennahdha-nous-refusons-larrestation-et-la-poursuite-en-justice-des\/"},"modified":"2021-06-01T17:17:20","modified_gmt":"2021-06-01T21:17:20","slug":"mouvement-ennahdha-nous-refusons-larrestation-et-la-poursuite-en-justice-des","status":"publish","type":"post","link":"https:\/\/linitiative.ca\/International\/mouvement-ennahdha-nous-refusons-larrestation-et-la-poursuite-en-justice-des\/","title":{"rendered":"Mouvement Ennahdha : \u00ab Nous refusons l\u2019arrestation et la poursuite en justice des \u2026\u00bb"},"content":{"rendered":"<div id=\"content-main\" class=\"left relative left relative\">\n<div class=\"post-info-out\">\n<div class=\"post-info-img left relative\"><img decoding=\"async\" alt=\"\" src=\"https:\/\/secure.gravatar.com\/avatar\/ea481d7287ad38ca1787f44b5bb1b70e?s=50&amp;d=mm&amp;r=g\" srcset=\"https:\/\/secure.gravatar.com\/avatar\/ea481d7287ad38ca1787f44b5bb1b70e?s=100&amp;d=mm&amp;r=g 2x\" class=\"avatar avatar-50 photo\" height=\"50\" width=\"50\" loading=\"lazy\"\/><\/div>\n<div class=\"post-info-in\">\n<div class=\"post-info-right left relative post-info-name left relative\"><span><span class=\"post-info-text\">Par<\/span> <span class=\"author-name vcard fn author\"><a href=\"https:\/\/www.tunisienumerique.com\/author\/rania-ben-slimane\/\" title=\"Articles par rania ben slimane\" rel=\"author\">rania ben slimane<\/a><\/span><\/span> <span class=\"post-date updated\"><time class=\"post-date updated\" datetime=\"2021-06-01\">\u00a0| Il y a 3 minutes<\/time><\/span><br \/>\n<meta itemprop=\"dateModified\" content=\"2021-06-01\"\/><\/div>\n<\/div>\n<\/div>\n<div class=\"code-block code-block-1 c4\">\n <ins class=\"adsbygoogle c3\" data-ad-layout=\"in-article\" data-ad-format=\"fluid\" data-ad-client=\"ca-pub-2102118777505746\" data-ad-slot=\"7301775417\"\/>\n<\/div>\n<p>Le mouvement Ennahdha a d\u00e9nonc\u00e9 dans un communiqu\u00e9 rendu public aujourd\u2019hui, mardi 1er juin 2021, les arrestations et poursuites judiciaires \u00e0 l\u2019encontre de certains blogueurs, et le renvoi d\u2019un certain nombre d\u2019entre eux devant le tribunal militaire en raison de publication de post sur les r\u00e9seaux sociaux.<\/p>\n<p>En effet, le mouvement a affirm\u00e9 son \u201crefus du renvoi de civils par devant des tribunaux militaires et toutes les formes de poursuites judiciaires et de restrictions sur les blogueurs, les professionnels des m\u00e9dias, les penseurs et les influenceurs\u00a0\u00bb, et a exprim\u00e9 son \u00ab\u00a0adh\u00e9sion et sa d\u00e9fense absolue de la libert\u00e9 d\u2019expression garantie par la constitution\u00a0\u00bb.<\/p>\n<p>A ce titre, le parti Ennahdha a invit\u00e9 tous les acteurs de l\u2019espace virtuel \u00e0 s\u2019exprimer librement dans le cadre du respect d\u2019autrui et de l\u2019objectivit\u00e9.<\/p>\n<p>Il convient de note que ce communiqu\u00e9 intervient un jour apr\u00e8s l\u2019\u00e9mission d\u2019un mandat de d\u00e9p\u00f4t en prison par le juge d\u2019instruction militaire, contre le blogueur Slim Jebali, administrateur de la page \u201cMinistre de la pression art\u00e9rielle et du diab\u00e8te\u201d, accus\u00e9 d\u2019avoir insult\u00e9 le pr\u00e9sident de la R\u00e9publique.<\/p>\n<div class=\"swp_social_panel swp_horizontal_panel swp_flat_fresh swp_default_full_color swp_individual_full_color swp_other_full_color scale-100 scale-\" data-min-width=\"1100\" data-float-color=\"#ffffff\" data-float=\"bottom\" data-float-mobile=\"bottom\" data-transition=\"slide\">\n<div class=\"nc_tweetContainer swp_share_button total_shares total_sharesalt\"><span class=\"swp_count\">0 <span class=\"swp_label\">Partages<\/span><\/span><\/div>\n<\/div>\n<p><strong>Que se passe-t-il en Tunisie?<\/strong><br \/>Nous expliquons sur notre <a href=\"https:\/\/www.youtube.com\/channel\/UCRzypVq0B_yBad5eGrwBx0Q?sub_confirmation=1\" target=\"_blank\" rel=\"noopener\">cha\u00eene YouTube<\/a> . <a href=\"https:\/\/www.youtube.com\/channel\/UCRzypVq0B_yBad5eGrwBx0Q?sub_confirmation=1\" target=\"_blank\" rel=\"noopener\">Abonnez-vous!<\/a><\/p>\n<div class=\"mvp-org-wrap\" itemprop=\"publisher\">\n<div class=\"mvp-org-logo\" itemprop=\"logo\"><img decoding=\"async\" src=\"https:\/\/www.tunisienumerique.com\/wp-content\/uploads\/2017\/02\/logo_tunisie_numerique.png\"\/><br \/>\n<meta itemprop=\"url\" content=\"https:\/\/www.tunisienumerique.com\/wp-content\/uploads\/2017\/02\/logo_tunisie_numerique.png\"\/><\/div>\n<p><meta content=\"Tunisie\"\/><\/div>\n<div class=\"mvp-related-posts left relative\">\n<h4 class=\"post-header\"><span class=\"post-header\">Lire aussi<\/span><\/h4>\n<\/div>\n<div id=\"article-ad\">\n <ins class=\"adsbygoogle c5\" data-ad-client=\"ca-pub-2102118777505746\" data-ad-slot=\"6513972734\" data-ad-format=\"auto\" data-full-width-responsive=\"true\"\/>\n<\/div>\n<\/div>\n<div id=\"post-sidebar-wrap\">\n <ins class=\"adsbygoogle c5\" data-ad-client=\"ca-pub-2102118777505746\" data-ad-slot=\"6168283410\" data-ad-format=\"auto\" data-full-width-responsive=\"true\"\/>\n<\/div>\n<p>Auteur: rania ben slimane<br \/>\n<a href=\"https:\/\/www.tunisienumerique.com\/mouvement-ennahdha-nous-refusons-larrestation-et-la-poursuite-en-justice-des\/\">Cliquez ici pour lire l&rsquo;article depuis sa source.<\/a><\/p>\n","protected":false},"excerpt":{"rendered":"<p>Par rania ben slimane \u00a0| Il y a 3 minutes Le mouvement Ennahdha a d\u00e9nonc\u00e9 dans un communiqu\u00e9 rendu public aujourd\u2019hui, mardi 1er juin 2021, les arrestations et poursuites judiciaires \u00e0 l\u2019encontre de certains blogueurs, et le renvoi d\u2019un certain nombre d\u2019entre eux devant le tribunal militaire en raison de publication de post sur les [&hellip;]<\/p>\n","protected":false},"author":1789,"featured_media":0,"comment_status":"closed","ping_status":"closed","sticky":false,"template":"","format":"standard","meta":{"fifu_image_url":"https:\/\/secure.gravatar.com\/avatar\/ea481d7287ad38ca1787f44b5bb1b70e?s=50&d=mm&r=g","fifu_image_alt":"Mouvement Ennahdha : \u00ab Nous refusons l\u2019arrestation et la poursuite en justice des \u2026\u00bb","footnotes":""},"categories":[73,55],"tags":[],"class_list":["post-117795","post","type-post","status-publish","format-standard","hentry","category-actualite","category-tunisie"],"_links":{"self":[{"href":"https:\/\/linitiative.ca\/International\/wp-json\/wp\/v2\/posts\/117795","targetHints":{"allow":["GET"]}}],"collection":[{"href":"https:\/\/linitiative.ca\/International\/wp-json\/wp\/v2\/posts"}],"about":[{"href":"https:\/\/linitiative.ca\/International\/wp-json\/wp\/v2\/types\/post"}],"author":[{"embeddable":true,"href":"https:\/\/linitiative.ca\/International\/wp-json\/wp\/v2\/users\/1789"}],"replies":[{"embeddable":true,"href":"https:\/\/linitiative.ca\/International\/wp-json\/wp\/v2\/comments?post=117795"}],"version-history":[{"count":0,"href":"https:\/\/linitiative.ca\/International\/wp-json\/wp\/v2\/posts\/117795\/revisions"}],"wp:attachment":[{"href":"https:\/\/linitiative.ca\/International\/wp-json\/wp\/v2\/media?parent=117795"}],"wp:term":[{"taxonomy":"category","embeddable":true,"href":"https:\/\/linitiative.ca\/International\/wp-json\/wp\/v2\/categories?post=117795"},{"taxonomy":"post_tag","embeddable":true,"href":"https:\/\/linitiative.ca\/International\/wp-json\/wp\/v2\/tags?post=117795"}],"curies":[{"name":"wp","href":"https:\/\/api.w.org\/{rel}","templated":true}]}}