{"id":117796,"date":"2021-06-01T15:42:34","date_gmt":"2021-06-01T19:42:34","guid":{"rendered":"https:\/\/linitiative.ca\/International\/affaire-chebeya-bazana-en-rdc\/"},"modified":"2021-06-01T15:42:34","modified_gmt":"2021-06-01T19:42:34","slug":"affaire-chebeya-bazana-en-rdc","status":"publish","type":"post","link":"https:\/\/linitiative.ca\/International\/affaire-chebeya-bazana-en-rdc\/","title":{"rendered":"AFFAIRE CHEBEYA \u2013 BAZANA EN RDC  \u00a0"},"content":{"rendered":"<p class=\"c4\"><em>2 juin 2010 \u2013 2 juin 2021. Cela fait 11 ans, jour pour jour, que le directeur ex\u00e9cutif de la Voix des sans voix, Floribert Chebeya, et son chauffeur, Fid\u00e8le Bazana, trouvaient la mort dans des circonstances non encore \u00e9lucid\u00e9es. De la narration des faits, il ressort que les deux hommes ont \u00e9t\u00e9 trucid\u00e9s dans les locaux de l\u2019inspection g\u00e9n\u00e9rale de police o\u00f9 ils avaient rendez-vous avec le ma\u00eetre des lieux qu\u2019\u00e9tait le g\u00e9n\u00e9ral John Numbi. Ce double assassinat avait provoqu\u00e9 une clameur mondiale au point que les autorit\u00e9s congolaises, avec \u00e0 leur t\u00eate Joseph Kabila, n\u2019avaient eu d\u2019autre choix que d\u2019ouvrir une enqu\u00eate qui, au final, avait abouti \u00e0 une parodie de proc\u00e8s. Car, tout a \u00e9t\u00e9 mis en \u0153uvre pour mettre hors de cause le principal accus\u00e9 qu\u2019est le g\u00e9n\u00e9ral John Numbi dont la seule sanction a \u00e9t\u00e9 sa suspension de ses fonctions \u00e0 titre \u00a0conservatoire. Mais c\u2019\u00e9tait sans compter avec la d\u00e9termination des mouvements de d\u00e9fense des droits humains et des familles des victimes qui, en d\u00e9pit des obstacles que multipliait le r\u00e9gime Kabila, n\u2019ont pas renonc\u00e9 au combat pour la manifestation de la v\u00e9rit\u00e9. Tant et si bien que plus d\u2019une d\u00e9cennie apr\u00e8s, le dossier Chebeya \u2013 Bazana a connu quelques avanc\u00e9es \u00e0 la faveur du changement de r\u00e9gime. En effet, non seulement le dossier d\u2019instruction sera rouvert dans quelques jours, mais aussi le g\u00e9n\u00e9ral John Numbi qui passait pour \u00eatre un intouchable, a compris que les temps ont chang\u00e9 et a pr\u00e9f\u00e9r\u00e9 prendre la poudre d\u2019escampette. Port\u00e9 disparu, l\u2019ex-patron de la police congolaise fait l\u2019objet d\u2019un mandat d\u2019arr\u00eat et pourrait \u00eatre extrad\u00e9 si son pays en fait la demande. Car, tout ou presque l\u2019accable dans la disparition tragique de Floribert Chebeya et Fid\u00e8le Bazana.<\/em><\/p>\n<p class=\"c4\"><em>\u00a0<\/em><\/p>\n<p class=\"c6\"><strong><em>Les familles des victimes et les ONG de d\u00e9fense des droits humains tiennent le bon bout<\/em><\/strong><\/p>\n<p class=\"c6\"><strong><em>\u00a0<\/em><\/strong><\/p>\n<p class=\"c4\"><em>\u00a0<\/em><\/p>\n<p class=\"c4\"><em>En effet, outre le t\u00e9moignage \u00e0 charge d\u2019un ancien responsable de la police, en l\u2019occurrence Paul Mwilambwe, il y a la r\u00e9cente sortie des deux membres du commando en exil qui sont pass\u00e9s aux aveux, d\u00e9clarant que John Numbi a \u00e9t\u00e9 le commanditaire du double assassinat perp\u00e9tr\u00e9 le 2 juin 2010. John Numbi est donc mal barr\u00e9. Car, voil\u00e0 un homme qui faisait la pluie et beau temps en R\u00e9publique d\u00e9mocratique du Congo (RDC) et qui avait pris le risque de lier \u00e9troitement son destin \u00e0 celui d\u2019un dictateur et qui, aujourd\u2019hui, se retrouve groggy de ses propres turpitudes au point de fuir son pays. Pour une humiliation, c\u2019en est une pour un g\u00e9n\u00e9ral quatre \u00e9toiles qui se prenait pour l\u2019alpha et l\u2019om\u00e9ga de tout en RDC. En tout cas, les familles des victimes et les ONG de d\u00e9fense des droits humains tiennent le bon bout. Elles doivent maintenir la pression, surtout que le divorce est d\u00e9sormais consomm\u00e9 entre le pr\u00e9sident F\u00e9lix Tshis\u00e9k\u00e9di et son pr\u00e9d\u00e9cesseur, Joseph Kabila. Car, il y a fort \u00e0 parier que si les relations entre les deux hommes \u00e9taient toujours au beau fixe, le dossier Chebeya-Bazana serait torpill\u00e9. On se rappelle d\u2019ailleurs qu\u2019\u00e0 son arriv\u00e9e au pouvoir, Tshis\u00e9k\u00e9di fils avait surpris d\u00e9sagr\u00e9ablement les uns et les autres en affirmant qu\u2019il ne voulait pas \u00ab\u00a0fouiner dans le pass\u00e9\u00a0\u00bb de Kabila. Heureusement que deux ans apr\u00e8s, beaucoup d\u2019eau a coul\u00e9 sous les ponts. Si fait que les deux hommes se regardent aujourd\u2019hui en chiens de fa\u00efence.<\/em><\/p>\n<p class=\"c4\"><em>\u00a0<\/em><\/p>\n<p class=\"c6\"><strong><em>Boundi OUOBA<\/em><\/strong><\/p>\n<p>Auteur: Editions LEPAYS<br \/>\n<a href=\"https:\/\/lepays.bf\/affaire-chebeya-bazana-en-rdc\/\">Cliquez ici pour lire l&rsquo;article depuis sa source.<\/a><\/p>\n","protected":false},"excerpt":{"rendered":"<p>2 juin 2010 \u2013 2 juin 2021. Cela fait 11 ans, jour pour jour, que le directeur ex\u00e9cutif de la Voix des sans voix, Floribert Chebeya, et son chauffeur, Fid\u00e8le Bazana, trouvaient la mort dans des circonstances non encore \u00e9lucid\u00e9es. De la narration des faits, il ressort que les deux hommes ont \u00e9t\u00e9 trucid\u00e9s dans [&hellip;]<\/p>\n","protected":false},"author":1813,"featured_media":0,"comment_status":"closed","ping_status":"closed","sticky":false,"template":"","format":"standard","meta":{"fifu_image_url":"","fifu_image_alt":"","footnotes":""},"categories":[73,81],"tags":[],"class_list":["post-117796","post","type-post","status-publish","format-standard","hentry","category-actualite","category-burkina-faso"],"_links":{"self":[{"href":"https:\/\/linitiative.ca\/International\/wp-json\/wp\/v2\/posts\/117796","targetHints":{"allow":["GET"]}}],"collection":[{"href":"https:\/\/linitiative.ca\/International\/wp-json\/wp\/v2\/posts"}],"about":[{"href":"https:\/\/linitiative.ca\/International\/wp-json\/wp\/v2\/types\/post"}],"author":[{"embeddable":true,"href":"https:\/\/linitiative.ca\/International\/wp-json\/wp\/v2\/users\/1813"}],"replies":[{"embeddable":true,"href":"https:\/\/linitiative.ca\/International\/wp-json\/wp\/v2\/comments?post=117796"}],"version-history":[{"count":0,"href":"https:\/\/linitiative.ca\/International\/wp-json\/wp\/v2\/posts\/117796\/revisions"}],"wp:attachment":[{"href":"https:\/\/linitiative.ca\/International\/wp-json\/wp\/v2\/media?parent=117796"}],"wp:term":[{"taxonomy":"category","embeddable":true,"href":"https:\/\/linitiative.ca\/International\/wp-json\/wp\/v2\/categories?post=117796"},{"taxonomy":"post_tag","embeddable":true,"href":"https:\/\/linitiative.ca\/International\/wp-json\/wp\/v2\/tags?post=117796"}],"curies":[{"name":"wp","href":"https:\/\/api.w.org\/{rel}","templated":true}]}}