{"id":117797,"date":"2021-06-01T16:45:30","date_gmt":"2021-06-01T20:45:30","guid":{"rendered":"https:\/\/linitiative.ca\/International\/nouveau-premier-ministre-malien\/"},"modified":"2021-06-01T16:45:30","modified_gmt":"2021-06-01T20:45:30","slug":"nouveau-premier-ministre-malien","status":"publish","type":"post","link":"https:\/\/linitiative.ca\/International\/nouveau-premier-ministre-malien\/","title":{"rendered":"NOUVEAU PREMIER MINISTRE MALIEN"},"content":{"rendered":"<p class=\"c4\"><em>La nouvelle n\u2019a pas surpris grand monde aussi bien au Mali qu\u2019au-del\u00e0 des fronti\u00e8res, tant on voyait venir les choses. En effet, Choguel Ma\u00efga a \u00e9t\u00e9 nomm\u00e9 Premier ministre par le pr\u00e9sident de la Transition, Assimi Go\u00efta. Ag\u00e9 de 63 ans, c\u2019est cet homme pr\u00e9sent\u00e9 comme l\u2019un des leaders du Mouvement du 5 juin, Rassemblement des forces patriotiques (M5-RFP), qui succ\u00e8de \u00e0 Moctar Ouane pouss\u00e9 \u00e0 la d\u00e9mission par les\u00a0 hommes en treillis de la garnison de Kati. Choguel Ma\u00efga, il faut le\u00a0 dire, depuis la chute du pr\u00e9sident Ibrahim Boubacar Ke\u00efta (IBK), lorgnait avec convoitise le poste de Premier ministre si fait qu\u2019il n\u2019avait pas h\u00e9sit\u00e9 \u00e0 marquer son soutien aux putschistes de Kati qui, visiblement, l\u2019avaient snob\u00e9 pour porter leur choix sur Moctar Ouane. Depuis lors, l\u2019homme n\u2019avait\u00a0 de cesse de ruer dans les brancards jusqu\u2019\u00e0 ce qu\u2019intervienne le coup de force du\u00a0 25 mai dernier contre les autorit\u00e9s de la Transition. L\u00e0 encore, le leader du Front pour la sauvegarde de la d\u00e9mocratie (FSD) n\u2019a pas h\u00e9sit\u00e9 \u00e0 soutenir ce qu\u2019il a qualifi\u00e9 comme \u00e9tant une \u00ab\u00a0 rectification de la Transition\u00a0\u00bb. Maintenant qu\u2019il est aux affaires, fera-t-il mieux que son pr\u00e9d\u00e9cesseur\u00a0?<\/em><\/p>\n<p class=\"c4\"><em>\u00a0<\/em><\/p>\n<p class=\"c6\"><strong><em>On voit mal Choguel Ma\u00efga avoir les coud\u00e9es franches pour travailler sans couac ni anicroche<\/em><\/strong><\/p>\n<p class=\"c6\"><strong><em>\u00a0<\/em><\/strong><\/p>\n<p class=\"c4\"><em>\u00a0<\/em><\/p>\n<p class=\"c4\"><em>R\u00e9ussira-t-il l\u00e0 o\u00f9 Moctar Ouane a \u00e9chou\u00e9\u00a0? Rien n\u2019est moins s\u00fbr. Car, comme on le sait, il est plus facile de critiquer quand on est dans l\u2019opposition. Mais une fois \u00e0 l\u2019\u00e9preuve de l\u2019exercice du\u00a0 pouvoir, on se rend compte de la d\u00e9licatesse de la mission. Surtout dans ce contexte de transition o\u00f9 les militaires qui font la pluie et le beau temps, n\u2019entendent pas laisser assez de marge de man\u0153uvre\u00a0 aux civils de peur que le pouvoir ne leur \u00e9chappe. N\u2019est-ce pas d\u2019ailleurs parce que Bah N\u2019Daw et Moctar Ouane ont voulu s\u2019affranchir de la tutelle des militaires pour imprimer leur marque, qu\u2019ils ont \u00e9t\u00e9 d\u00e9pos\u00e9s et \u00e9vinc\u00e9s du pouvoir\u00a0? En tout cas, \u00e0 moins d\u2019avoir fait le choix de jouer les faire-valoir des putschistes, on voit mal Choguel Ma\u00efga avoir les coud\u00e9es franches pour travailler sans couac ni anicroche. Certes, il est vrai qu\u2019il \u00e9tait devenu, au fil du temps, l\u2019interlocuteur privil\u00e9gi\u00e9 de la junte. Mais cela ne garantit pas, de fait, une bonne collaboration avec le Comit\u00e9 national pour la salut du peuple (CNSP) d\u00e9sormais fort du soutien des chefs d\u2019Etat de la Communaut\u00e9 \u00e9conomique des Etats de l\u2019Afrique de l\u2019Ouest (CEDEAO). Reste maintenant \u00e0\u00a0 savoir si la pr\u00e9sidentielle, annonc\u00e9e pour le 27 f\u00e9vrier prochain, aura lieu \u00e0 bonne date, comme le r\u00e9clame l\u2019organisation ouest-africaine. On attend de voir.<\/em><\/p>\n<p class=\"c4\"><em>\u00a0<\/em><\/p>\n<p class=\"c6\"><strong><em>B.O\u00a0\u00a0\u00a0\u00a0<\/em><\/strong><\/p>\n<p>Auteur: Editions LEPAYS<br \/>\n<a href=\"https:\/\/lepays.bf\/nouveau-premier-ministre-malien\/\">Cliquez ici pour lire l&rsquo;article depuis sa source.<\/a><\/p>\n","protected":false},"excerpt":{"rendered":"<p>La nouvelle n\u2019a pas surpris grand monde aussi bien au Mali qu\u2019au-del\u00e0 des fronti\u00e8res, tant on voyait venir les choses. En effet, Choguel Ma\u00efga a \u00e9t\u00e9 nomm\u00e9 Premier ministre par le pr\u00e9sident de la Transition, Assimi Go\u00efta. Ag\u00e9 de 63 ans, c\u2019est cet homme pr\u00e9sent\u00e9 comme l\u2019un des leaders du Mouvement du 5 juin, Rassemblement [&hellip;]<\/p>\n","protected":false},"author":1813,"featured_media":0,"comment_status":"closed","ping_status":"closed","sticky":false,"template":"","format":"standard","meta":{"fifu_image_url":"","fifu_image_alt":"","footnotes":""},"categories":[73,81],"tags":[],"class_list":["post-117797","post","type-post","status-publish","format-standard","hentry","category-actualite","category-burkina-faso"],"_links":{"self":[{"href":"https:\/\/linitiative.ca\/International\/wp-json\/wp\/v2\/posts\/117797","targetHints":{"allow":["GET"]}}],"collection":[{"href":"https:\/\/linitiative.ca\/International\/wp-json\/wp\/v2\/posts"}],"about":[{"href":"https:\/\/linitiative.ca\/International\/wp-json\/wp\/v2\/types\/post"}],"author":[{"embeddable":true,"href":"https:\/\/linitiative.ca\/International\/wp-json\/wp\/v2\/users\/1813"}],"replies":[{"embeddable":true,"href":"https:\/\/linitiative.ca\/International\/wp-json\/wp\/v2\/comments?post=117797"}],"version-history":[{"count":0,"href":"https:\/\/linitiative.ca\/International\/wp-json\/wp\/v2\/posts\/117797\/revisions"}],"wp:attachment":[{"href":"https:\/\/linitiative.ca\/International\/wp-json\/wp\/v2\/media?parent=117797"}],"wp:term":[{"taxonomy":"category","embeddable":true,"href":"https:\/\/linitiative.ca\/International\/wp-json\/wp\/v2\/categories?post=117797"},{"taxonomy":"post_tag","embeddable":true,"href":"https:\/\/linitiative.ca\/International\/wp-json\/wp\/v2\/tags?post=117797"}],"curies":[{"name":"wp","href":"https:\/\/api.w.org\/{rel}","templated":true}]}}