{"id":117799,"date":"2021-05-31T18:59:47","date_gmt":"2021-05-31T22:59:47","guid":{"rendered":"https:\/\/linitiative.ca\/International\/sommet-de-la-cedeao-a-accra-sur-la-crise-au-mali-la-cedeao-a-reaffirme-sa-position-de-voir-les-elections-se-tenir-le-27-fevrier-2022-alpha-barry\/"},"modified":"2021-05-31T18:59:47","modified_gmt":"2021-05-31T22:59:47","slug":"sommet-de-la-cedeao-a-accra-sur-la-crise-au-mali-la-cedeao-a-reaffirme-sa-position-de-voir-les-elections-se-tenir-le-27-fevrier-2022-alpha-barry","status":"publish","type":"post","link":"https:\/\/linitiative.ca\/International\/sommet-de-la-cedeao-a-accra-sur-la-crise-au-mali-la-cedeao-a-reaffirme-sa-position-de-voir-les-elections-se-tenir-le-27-fevrier-2022-alpha-barry\/","title":{"rendered":"Sommet de la CEDEAO \u00e0 Accra  sur la crise au Mali  : \u00ab La CEDEAO a r\u00e9affirm\u00e9 sa position de voir les \u00e9lections se tenir  le 27 f\u00e9vrier 2022 \u00bb, Alpha Barry"},"content":{"rendered":"<div class=\"td-post-content tagdiv-type\" readability=\"56\">\n<div class=\"td-post-featured-image\"><a href=\"https:\/\/www.sidwaya.info\/wp-content\/uploads\/2021\/05\/1-52.jpg\" data-caption=\"\"><img loading=\"lazy\" decoding=\"async\" width=\"595\" height=\"336\" class=\"entry-thumb td-modal-image\" src=\"https:\/\/www.sidwaya.info\/wp-content\/uploads\/2021\/05\/1-52.jpg\" srcset=\"https:\/\/www.sidwaya.info\/wp-content\/uploads\/2021\/05\/1-52.jpg 595w, https:\/\/www.sidwaya.info\/wp-content\/uploads\/2021\/05\/1-52-300x169.jpg 300w, https:\/\/www.sidwaya.info\/wp-content\/uploads\/2021\/05\/1-52-150x85.jpg 150w\" sizes=\"auto, (max-width: 595px) 100vw, 595px\" alt=\"\" title=\"1\"\/><\/a><\/div>\n<p><strong>Les chefs d\u2019Etat et de gouvernements des pays membres de la CEDEAO ont tenu un sommet extraordinaire sur la situation malienne, le dimanche 30 mai 2021 \u00e0 Accra au Mali. Le ministre des Affaires \u00e9trang\u00e8res, de la Coop\u00e9ration, de l\u2019Int\u00e9gration africaine et des Burkinab\u00e8 de l\u2019ext\u00e9rieur, Alpha Barry, a expliqu\u00e9 les d\u00e9cisions prises au cours de ce conclave.<\/strong><\/p>\n<p>\u00abLes d\u00e9bats ont \u00e9t\u00e9 difficiles et longs sur un sujet aussi complexe, si bien que les positions<br \/>n\u2019\u00e9taient pas tranch\u00e9es de part et d\u2019autre. Mais il fallait prendre des d\u00e9cisions et la sagesse a pr\u00e9valu chez les chefs d\u2019Etat qui ont pris la d\u00e9cision d\u2019accompagner le Mali dans cette situation difficile. Au regard de la situation s\u00e9curitaire qui pr\u00e9vaut dans ce pays, il faut plut\u00f4t l\u2019accompagner pour qu\u2019il arrive \u00e0 la fin de la transition avec des \u00e9lections qui vont cr\u00e9er une l\u00e9gitimit\u00e9 pour un pouvoir en place. La CEDEAO a r\u00e9affirm\u00e9 sa position de voir le<br \/>calendrier \u00e9lectoral respect\u00e9, \u00e0 savoir que les \u00e9lections se tiennent le 27 f\u00e9vrier 2022 comme cela a \u00e9t\u00e9 d\u00e9j\u00e0 indiqu\u00e9. Il faut \u00e9galement qu\u2019au niveau de la transition, il soit r\u00e9affirm\u00e9 que les premiers responsables de la transition que sont le pr\u00e9sident et le Premier ministre ne puissent pas se pr\u00e9senter aux \u00e9lections.<\/p>\n<p>Les chefs d\u2019Etat ont demand\u00e9 qu\u2019un Premier ministre civil soit port\u00e9 \u00e0 la t\u00eate du gouvernement. Autant la CEDEAO a dit qu\u2019il faut accompagner le Mali, autant elle a \u00e9t\u00e9 demand\u00e9 \u00e0 la communaut\u00e9 internationale d\u2019accompagner le Mali. Beaucoup de structures interviennent au Mali notamment ceux qui sont sur place pour des questions s\u00e9curitaires et les partenaires techniques et financiers. Si tous ceux-l\u00e0 se retirent, ce sera tr\u00e8s difficile. C\u2019est en tenant compte de cette situation que la CEDEAO n\u2019a pas voulu prendre des mesures draconiennes comme la fermeture des fronti\u00e8res ou le blocage financier. Mais elle qualifie ce qui est arriv\u00e9 de coup d\u2019Etat et pour cela elle sanctionne le Mali. Le pays ne peut pas prendre part \u00e0 toutes les instances de d\u00e9cisions de notre organisation. Il est assez clair que l\u2019instabilit\u00e9 politique au Mali ne favorise pas une stabilit\u00e9 s\u00e9curitaire. Le vice-pr\u00e9sident de la transition qui est devenu comme le premier responsable de fait de la transition va \u00eatre le pr\u00e9sident de la transition et il devra trouver un Premier ministre au plus vite et former un gouvernement civil inclusif \u00bb.<\/p>\n<p class=\"c1\"><strong>La r\u00e9daction<\/strong><\/p>\n<div class=\"td-a-rec td-a-rec-id-content_bottom tdi_33_9b0 td_block_template_1\">\n<p><img loading=\"lazy\" decoding=\"async\" class=\"aligncenter size-full wp-image-27454\" src=\"https:\/\/www.sidwaya.info\/wp-content\/uploads\/2020\/10\/PUB-Bandeau-paiement-mobile-siteweb.jpg\" alt=\"\" width=\"728\" height=\"90\"\/><\/div>\n<\/div>\n<footer>\n<div class=\"td-post-sharing-bottom\">\n<p><iframe frameborder=\"0\" src=\"https:\/\/www.facebook.com\/plugins\/like.php?href=https:\/\/www.sidwaya.info\/blog\/2021\/05\/31\/sommet-de-la-cedeao-a-accra-sur-la-crise-au-mali-la-cedeao-a-reaffirme-sa-position-de-voir-les-elections-se-tenir-le-27-fevrier-2022-alpha-barry\/&amp;layout=button_count&amp;show_faces=false&amp;width=105&amp;action=like&amp;colorscheme=light&amp;height=21\" class=\"c2\">[embedded content]<\/iframe><\/p>\n<\/div>\n<div class=\"td-block-row td-post-next-prev\">\n<div class=\"td-block-span6 td-post-prev-post td-post-next-prev-content\"><span>Article pr\u00e9c\u00e9dent<\/span><a href=\"https:\/\/www.sidwaya.info\/blog\/2021\/05\/31\/sourire-du-01-06-2021\/\">Sourire du 01-06-2021<\/a><\/div>\n<div class=\"td-block-span6 td-post-next-post td-post-next-prev-content\"><span>Article suivant<\/span><a href=\"https:\/\/www.sidwaya.info\/blog\/2021\/05\/31\/vaccin-contre-la-covid-19-le-burkina-recoit-115-200-doses-de-astra-zeneca\/\">Vaccin contre la COVID-19 : le Burkina re\u00e7oit 115 200 doses de Astra Zeneca<\/a><\/div>\n<\/div>\n<p><meta itemprop=\"name\" content=\"BM. Sidwaya\"\/><br \/>\n<meta itemprop=\"datePublished\" content=\"2021-05-31T22:59:47+00:00\"\/><br \/>\n<meta itemprop=\"dateModified\" content=\"2021-05-31T22:59:47+00:00\"\/><br \/>\n<meta itemscope=\"itemscope\" itemprop=\"mainEntityOfPage\" itemtype=\"https:\/\/schema.org\/WebPage\" itemid=\"https:\/\/www.sidwaya.info\/blog\/2021\/05\/31\/sommet-de-la-cedeao-a-accra-sur-la-crise-au-mali-la-cedeao-a-reaffirme-sa-position-de-voir-les-elections-se-tenir-le-27-fevrier-2022-alpha-barry\/\"\/><br \/>\n<meta itemprop=\"url\" content=\"https:\/\/www.sidwaya.info\/wp-content\/uploads\/2019\/08\/sidwaya-bon-544-1.jpg\"\/><br \/>\n<meta itemprop=\"name\" content=\"Quotidien Sidwaya\"\/><br \/>\n<meta itemprop=\"headline\" content=\"Sommet de la CEDEAO \u00e0 Accra sur la crise au Mali : \u00ab La CEDEAO a r\u00e9affirm\u00e9 sa position de voir les \u00e9lections se tenir le 27 f\u00e9vrier 2022 \u00bb, Alpha Barry\"\/><br \/>\n<meta itemprop=\"url\" content=\"https:\/\/www.sidwaya.info\/wp-content\/uploads\/2021\/05\/1-52.jpg\"\/><br \/>\n<meta itemprop=\"width\" content=\"595\"\/><br \/>\n<meta itemprop=\"height\" content=\"336\"\/><\/footer>\n<p>Auteur: BM. Sidwaya<br \/>\n<a href=\"https:\/\/www.sidwaya.info\/blog\/2021\/05\/31\/sommet-de-la-cedeao-a-accra-sur-la-crise-au-mali-la-cedeao-a-reaffirme-sa-position-de-voir-les-elections-se-tenir-le-27-fevrier-2022-alpha-barry\/\">Cliquez ici pour lire l&rsquo;article depuis sa source.<\/a><\/p>\n","protected":false},"excerpt":{"rendered":"<p>Les chefs d\u2019Etat et de gouvernements des pays membres de la CEDEAO ont tenu un sommet extraordinaire sur la situation malienne, le dimanche 30 mai 2021 \u00e0 Accra au Mali. Le ministre des Affaires \u00e9trang\u00e8res, de la Coop\u00e9ration, de l\u2019Int\u00e9gration africaine et des Burkinab\u00e8 de l\u2019ext\u00e9rieur, Alpha Barry, a expliqu\u00e9 les d\u00e9cisions prises au cours [&hellip;]<\/p>\n","protected":false},"author":1816,"featured_media":0,"comment_status":"closed","ping_status":"closed","sticky":false,"template":"","format":"standard","meta":{"fifu_image_url":"https:\/\/www.sidwaya.info\/wp-content\/uploads\/2021\/05\/1-52.jpg","fifu_image_alt":"Sommet de la CEDEAO \u00e0 Accra  sur la crise au Mali  : \u00ab La CEDEAO a r\u00e9affirm\u00e9 sa position de voir les \u00e9lections se tenir  le 27 f\u00e9vrier 2022 \u00bb, Alpha Barry","footnotes":""},"categories":[73,81],"tags":[],"class_list":["post-117799","post","type-post","status-publish","format-standard","hentry","category-actualite","category-burkina-faso"],"_links":{"self":[{"href":"https:\/\/linitiative.ca\/International\/wp-json\/wp\/v2\/posts\/117799","targetHints":{"allow":["GET"]}}],"collection":[{"href":"https:\/\/linitiative.ca\/International\/wp-json\/wp\/v2\/posts"}],"about":[{"href":"https:\/\/linitiative.ca\/International\/wp-json\/wp\/v2\/types\/post"}],"author":[{"embeddable":true,"href":"https:\/\/linitiative.ca\/International\/wp-json\/wp\/v2\/users\/1816"}],"replies":[{"embeddable":true,"href":"https:\/\/linitiative.ca\/International\/wp-json\/wp\/v2\/comments?post=117799"}],"version-history":[{"count":0,"href":"https:\/\/linitiative.ca\/International\/wp-json\/wp\/v2\/posts\/117799\/revisions"}],"wp:attachment":[{"href":"https:\/\/linitiative.ca\/International\/wp-json\/wp\/v2\/media?parent=117799"}],"wp:term":[{"taxonomy":"category","embeddable":true,"href":"https:\/\/linitiative.ca\/International\/wp-json\/wp\/v2\/categories?post=117799"},{"taxonomy":"post_tag","embeddable":true,"href":"https:\/\/linitiative.ca\/International\/wp-json\/wp\/v2\/tags?post=117799"}],"curies":[{"name":"wp","href":"https:\/\/api.w.org\/{rel}","templated":true}]}}