{"id":117800,"date":"2021-05-31T19:07:26","date_gmt":"2021-05-31T23:07:26","guid":{"rendered":"https:\/\/linitiative.ca\/International\/vaccin-contre-la-covid-19-le-burkina-recoit-115-200-doses-de-astra-zeneca\/"},"modified":"2021-05-31T19:07:26","modified_gmt":"2021-05-31T23:07:26","slug":"vaccin-contre-la-covid-19-le-burkina-recoit-115-200-doses-de-astra-zeneca","status":"publish","type":"post","link":"https:\/\/linitiative.ca\/International\/vaccin-contre-la-covid-19-le-burkina-recoit-115-200-doses-de-astra-zeneca\/","title":{"rendered":"Vaccin contre la COVID-19  : le Burkina re\u00e7oit 115 200 doses  de Astra Zeneca"},"content":{"rendered":"<div class=\"td-post-featured-image\"><a href=\"https:\/\/www.sidwaya.info\/wp-content\/uploads\/2021\/05\/1-53.jpg\" data-caption=\"\"><img loading=\"lazy\" decoding=\"async\" width=\"595\" height=\"397\" class=\"entry-thumb td-modal-image\" src=\"https:\/\/www.sidwaya.info\/wp-content\/uploads\/2021\/05\/1-53.jpg\" srcset=\"https:\/\/www.sidwaya.info\/wp-content\/uploads\/2021\/05\/1-53.jpg 595w, https:\/\/www.sidwaya.info\/wp-content\/uploads\/2021\/05\/1-53-300x200.jpg 300w, https:\/\/www.sidwaya.info\/wp-content\/uploads\/2021\/05\/1-53-150x100.jpg 150w\" sizes=\"auto, (max-width: 595px) 100vw, 595px\" alt=\"\" title=\"1\"\/><\/a><\/div>\n<p><strong>Le Burkina Faso, par le biais du ministre de la Sant\u00e9, Pr Charlemagne Ou\u00e9draogo, a r\u00e9ceptionn\u00e9, le lundi 31 mai 2021 \u00e0 l\u2019a\u00e9roport international de Ouagadougou, 115 200 doses du vaccin Astra Zeneca contre la COVID-19. Ce don s\u2019inscrit dans le cadre du m\u00e9canisme Covax.<\/strong><\/p>\n<p>Les premi\u00e8res doses du vaccin contre la COVID-19, Astra Zeneca, sont arriv\u00e9es en territoire burkinab\u00e8. Le lundi 31 mai 2021, le ministre de la Sant\u00e9, Charlemagne Ou\u00e9draogo, a r\u00e9ceptionn\u00e9, \u00e0 l\u2019a\u00e9roport international de Ouagadougou, 115 200 doses dudit vaccin. Ce don s\u2019inscrit dans le cadre du m\u00e9canisme Covax et le ministre de la Sant\u00e9 esp\u00e8re pouvoir \u00e9liminer le coronavirus avec ce vaccin. Selon le Pr Ou\u00e9draogo, les premi\u00e8res doses seront administr\u00e9es aux Burkinab\u00e8 volontairement, lors du lancement officiel de la campagne de vaccination contre la COVID-19, qui d\u00e9butera le mardi 2 juin 2021. Mais, a-t-il dit, les personnes prioritaires sont, le personnel de sant\u00e9, des personnes ayant une co-morbidit\u00e9, les forces de d\u00e9fense et de s\u00e9curit\u00e9, les candidats au hadj\u2026A cet effet, a expliqu\u00e9, le ministre, 92 000 doses seront r\u00e9serv\u00e9es aux personnes vuln\u00e9rables, 20 000 pour les p\u00e8lerins, 3 000 pour les personnes travaillant dans les ONG et le personnel de l\u2019ensemble de l\u2019organisation du syst\u00e8me des Nations unies. Pr Ou\u00e9draogo a annonc\u00e9, qu\u2019un plan de red\u00e9ploiement est d\u00e9j\u00e0 mis en place pour dispatcher le vaccin.<\/p>\n<p>\u00ab Les containers vont rejoindre nos d\u00e9p\u00f4ts frigorifiques et \u00e0 partir de demain, nous allons commencer \u00e0 red\u00e9ployer ces doses de vaccin vers nos d\u00e9p\u00f4ts secondaires dans les 13 r\u00e9gions sanitaires \u00bb, a dit le ministre. Il est convaincu que cela va renforcer le dispositif de lutte contre la COVID-19 au \u00ab pays des Hommes int\u00e8gres \u00bb. Il a souhait\u00e9 que tous les Burkinab\u00e8 adh\u00e8rent \u00e0 la campagne de vaccination pour permettre d\u2019aller vers l\u2019\u00e9limination de la pand\u00e9mie. \u00ab La vaccination aura lieu au niveau des CHU, CHR, des h\u00f4pitaux de districts, CMA et dans les CSPS des communes afin que le red\u00e9ploiement suive le sch\u00e9ma classique des vaccins que nous avons au Burkina \u00bb, a indiqu\u00e9 le ministre Ou\u00e9draogo. Pourquoi, le Burkina a tard\u00e9 avant de recevoir le vaccin ? Il a rappel\u00e9 que le Burkina est un pays de tradition vaccinal depuis 40 ans et le Pr\u00e9sident du Faso, Roch Marc Christian Kabor\u00e9 est un champion mondial de vaccination. \u00ab Un champion ne court pas. Si nous avons choisi de recevoir nos vaccins maintenant, c\u2019est parce que c\u2019\u00e9tait le bon moment. Chaque pays a sa strat\u00e9gie et c\u2019\u00e9tait l\u2019heure pour le Burkina de recevoir les doses de vaccin pour compl\u00e9ter le dispositif. Car, nous avons pris l\u2019engagement de prot\u00e9ger la population contre toutes les maladies et en particulier contre la COVID qui a clou\u00e9 \u00e9conomiquement le pays \u00bb, a-t-il pr\u00e9cis\u00e9. \u00ab Nous avons d\u00e9cid\u00e9 de nous allier au combat mondial \u00bb.<\/p>\n<p>Le Burkina n\u2019enregistre pas beaucoup de cas et pourquoi optez-vous pour la vaccination ? \u00ab Si, nous devons classer les maladies qui nous endeuillent, la COVID-19 ne sera m\u00eame pas class\u00e9e 200e. C\u2019est tr\u00e8s loin derri\u00e8re le paludisme, la mortalit\u00e9 maternelle\u2026Mais, la maladie qui nous a emp\u00each\u00e9 de sortir depuis notre naissance, de faire perdre 1000 milliards F CFA en terme de recettes au pays, clou\u00e9 \u00e9conomiquement les m\u00e9nages\u2026la COVID-19 est premi\u00e8re. C\u2019est pour cela, que le combat contre la pand\u00e9mie n\u2019est pas m\u00e9dical. Nous devons faire un combat avec une approche holistique en regardant les diff\u00e9rents secteurs concern\u00e9s et nous dire que s\u2019il n\u2019y a pas de recettes, il n\u2019y a pas de d\u00e9veloppement. Nous avons d\u00e9cid\u00e9 de nous allier au combat mondial depuis 2020 \u00bb, a insist\u00e9 M. Ou\u00e9draogo. Aux sceptiques, il a demand\u00e9 de faire confiance au gouvernement burkinab\u00e8 qui, en attendant ce vaccin, a pu contr\u00f4ler la maladie. \u00ab Beaucoup de choses rel\u00e8vent du fake news qui ne sont pas des informations scientifiques. Nous demandons aux populations de ne pas y croire. Nous leur demandons de faire confiance au minist\u00e8re de la Sant\u00e9 qui est habilit\u00e9 \u00e0 relayer les bonnes informations \u00bb, a-t-il indiqu\u00e9.<\/p>\n<p>La repr\u00e9sentante-r\u00e9sidente de l\u2019OMS au Burkina, Alimata Diarra, dit \u00eatre heureuse de l\u2019arriv\u00e9e de ces doses. Elle a rassur\u00e9 que les vaccins ont eu la qualification de l\u2019OMS pour \u00eatre utilis\u00e9s en proc\u00e9dure d\u2019urgence. Et, Astra Zeneca, selon ses dires, est un vaccin efficace \u00adque l\u2019OMS recommande<br \/>vivement.<\/p>\n<p class=\"c1\"><strong>Abdel Aziz NABALOUM<\/strong><br \/><strong>emirathe@yahoo.fr<\/strong><\/p>\n<div class=\"td-a-rec td-a-rec-id-content_bottom tdi_33_880 td_block_template_1\">\n<p><img loading=\"lazy\" decoding=\"async\" class=\"aligncenter size-full wp-image-27454\" src=\"https:\/\/www.sidwaya.info\/wp-content\/uploads\/2020\/10\/PUB-Bandeau-paiement-mobile-siteweb.jpg\" alt=\"\" width=\"728\" height=\"90\"\/><\/div>\n<p>Auteur: BM. Sidwaya<br \/>\n<a href=\"https:\/\/www.sidwaya.info\/blog\/2021\/05\/31\/vaccin-contre-la-covid-19-le-burkina-recoit-115-200-doses-de-astra-zeneca\/\">Cliquez ici pour lire l&rsquo;article depuis sa source.<\/a><\/p>\n","protected":false},"excerpt":{"rendered":"<p>Le Burkina Faso, par le biais du ministre de la Sant\u00e9, Pr Charlemagne Ou\u00e9draogo, a r\u00e9ceptionn\u00e9, le lundi 31 mai 2021 \u00e0 l\u2019a\u00e9roport international de Ouagadougou, 115 200 doses du vaccin Astra Zeneca contre la COVID-19. Ce don s\u2019inscrit dans le cadre du m\u00e9canisme Covax. Les premi\u00e8res doses du vaccin contre la COVID-19, Astra Zeneca, [&hellip;]<\/p>\n","protected":false},"author":1816,"featured_media":0,"comment_status":"closed","ping_status":"closed","sticky":false,"template":"","format":"standard","meta":{"fifu_image_url":"https:\/\/www.sidwaya.info\/wp-content\/uploads\/2021\/05\/1-53.jpg","fifu_image_alt":"Vaccin contre la COVID-19  : le Burkina re\u00e7oit 115 200 doses  de Astra Zeneca","footnotes":""},"categories":[73,81],"tags":[],"class_list":["post-117800","post","type-post","status-publish","format-standard","hentry","category-actualite","category-burkina-faso"],"_links":{"self":[{"href":"https:\/\/linitiative.ca\/International\/wp-json\/wp\/v2\/posts\/117800","targetHints":{"allow":["GET"]}}],"collection":[{"href":"https:\/\/linitiative.ca\/International\/wp-json\/wp\/v2\/posts"}],"about":[{"href":"https:\/\/linitiative.ca\/International\/wp-json\/wp\/v2\/types\/post"}],"author":[{"embeddable":true,"href":"https:\/\/linitiative.ca\/International\/wp-json\/wp\/v2\/users\/1816"}],"replies":[{"embeddable":true,"href":"https:\/\/linitiative.ca\/International\/wp-json\/wp\/v2\/comments?post=117800"}],"version-history":[{"count":0,"href":"https:\/\/linitiative.ca\/International\/wp-json\/wp\/v2\/posts\/117800\/revisions"}],"wp:attachment":[{"href":"https:\/\/linitiative.ca\/International\/wp-json\/wp\/v2\/media?parent=117800"}],"wp:term":[{"taxonomy":"category","embeddable":true,"href":"https:\/\/linitiative.ca\/International\/wp-json\/wp\/v2\/categories?post=117800"},{"taxonomy":"post_tag","embeddable":true,"href":"https:\/\/linitiative.ca\/International\/wp-json\/wp\/v2\/tags?post=117800"}],"curies":[{"name":"wp","href":"https:\/\/api.w.org\/{rel}","templated":true}]}}