{"id":117801,"date":"2021-06-01T10:24:16","date_gmt":"2021-06-01T14:24:16","guid":{"rendered":"https:\/\/linitiative.ca\/International\/urgent-assimi-kouanda-nest-plus\/"},"modified":"2021-06-01T10:24:16","modified_gmt":"2021-06-01T14:24:16","slug":"urgent-assimi-kouanda-nest-plus","status":"publish","type":"post","link":"https:\/\/linitiative.ca\/International\/urgent-assimi-kouanda-nest-plus\/","title":{"rendered":"Urgent: : Assimi Kouanda n\u2019est plus"},"content":{"rendered":"<div class=\"td-post-featured-image\">\n<figure><a href=\"https:\/\/www.sidwaya.info\/wp-content\/uploads\/2021\/06\/Assamin.jpg\" data-caption=\"????????????????????????????????????\"><img loading=\"lazy\" decoding=\"async\" width=\"448\" height=\"312\" class=\"entry-thumb td-modal-image\" src=\"https:\/\/www.sidwaya.info\/wp-content\/uploads\/2021\/06\/Assamin.jpg\" srcset=\"https:\/\/www.sidwaya.info\/wp-content\/uploads\/2021\/06\/Assamin.jpg 448w, https:\/\/www.sidwaya.info\/wp-content\/uploads\/2021\/06\/Assamin-300x209.jpg 300w, https:\/\/www.sidwaya.info\/wp-content\/uploads\/2021\/06\/Assamin-150x104.jpg 150w, https:\/\/www.sidwaya.info\/wp-content\/uploads\/2021\/06\/Assamin-100x70.jpg 100w\" sizes=\"auto, (max-width: 448px) 100vw, 448px\" alt=\"\" title=\"Assamin\"\/><\/a><figcaption class=\"wp-caption-text\">????????????????????????????????????<\/figcaption><\/figure>\n<\/div>\n<p>L\u2019ancien pr\u00e9sident du Congr\u00e8s pour la d\u00e9mocratie et le progr\u00e8s(CDP) et directeur de cabinet de l\u2019ex-pr\u00e9sident Blaise Compaor\u00e9, Assimi Kouanda est d\u00e9c\u00e9d\u00e9 ce mardi 1<sup>er<\/sup> juin 2021 dans une clinique abidjanaise a l\u2019\u00e2ge de 65 ans par suite de maladie. Selon des sources bien introduites, il \u00e9tait hospitalis\u00e9 depuis une semaine. Exil\u00e9 en C\u00f4te-d\u2019Ivoire, il avait en 2014, soutenu le projet de modification constitutionnelle qui avait provoqu\u00e9 la chute de Blaise Compaor\u00e9.<\/p>\n<div class=\"td-a-rec td-a-rec-id-content_bottom tdi_33_777 td_block_template_1\">\n<p><img loading=\"lazy\" decoding=\"async\" class=\"aligncenter size-full wp-image-27454\" src=\"https:\/\/www.sidwaya.info\/wp-content\/uploads\/2020\/10\/PUB-Bandeau-paiement-mobile-siteweb.jpg\" alt=\"\" width=\"728\" height=\"90\"\/><\/div>\n<p>Auteur: Wamini SIDWAYA<br \/>\n<a href=\"https:\/\/www.sidwaya.info\/blog\/2021\/06\/01\/urgent-assimi-kouanda-nest-plus\/\">Cliquez ici pour lire l&rsquo;article depuis sa source.<\/a><\/p>\n","protected":false},"excerpt":{"rendered":"<p>???????????????????????????????????? L\u2019ancien pr\u00e9sident du Congr\u00e8s pour la d\u00e9mocratie et le progr\u00e8s(CDP) et directeur de cabinet de l\u2019ex-pr\u00e9sident Blaise Compaor\u00e9, Assimi Kouanda est d\u00e9c\u00e9d\u00e9 ce mardi 1er juin 2021 dans une clinique abidjanaise a l\u2019\u00e2ge de 65 ans par suite de maladie. Selon des sources bien introduites, il \u00e9tait hospitalis\u00e9 depuis une semaine. Exil\u00e9 en C\u00f4te-d\u2019Ivoire, [&hellip;]<\/p>\n","protected":false},"author":1816,"featured_media":0,"comment_status":"closed","ping_status":"closed","sticky":false,"template":"","format":"standard","meta":{"fifu_image_url":"https:\/\/www.sidwaya.info\/wp-content\/uploads\/2021\/06\/Assamin.jpg","fifu_image_alt":"Urgent: : Assimi Kouanda n\u2019est plus","footnotes":""},"categories":[73,81],"tags":[],"class_list":["post-117801","post","type-post","status-publish","format-standard","hentry","category-actualite","category-burkina-faso"],"_links":{"self":[{"href":"https:\/\/linitiative.ca\/International\/wp-json\/wp\/v2\/posts\/117801","targetHints":{"allow":["GET"]}}],"collection":[{"href":"https:\/\/linitiative.ca\/International\/wp-json\/wp\/v2\/posts"}],"about":[{"href":"https:\/\/linitiative.ca\/International\/wp-json\/wp\/v2\/types\/post"}],"author":[{"embeddable":true,"href":"https:\/\/linitiative.ca\/International\/wp-json\/wp\/v2\/users\/1816"}],"replies":[{"embeddable":true,"href":"https:\/\/linitiative.ca\/International\/wp-json\/wp\/v2\/comments?post=117801"}],"version-history":[{"count":0,"href":"https:\/\/linitiative.ca\/International\/wp-json\/wp\/v2\/posts\/117801\/revisions"}],"wp:attachment":[{"href":"https:\/\/linitiative.ca\/International\/wp-json\/wp\/v2\/media?parent=117801"}],"wp:term":[{"taxonomy":"category","embeddable":true,"href":"https:\/\/linitiative.ca\/International\/wp-json\/wp\/v2\/categories?post=117801"},{"taxonomy":"post_tag","embeddable":true,"href":"https:\/\/linitiative.ca\/International\/wp-json\/wp\/v2\/tags?post=117801"}],"curies":[{"name":"wp","href":"https:\/\/api.w.org\/{rel}","templated":true}]}}