{"id":117802,"date":"2021-06-01T12:05:37","date_gmt":"2021-06-01T16:05:37","guid":{"rendered":"https:\/\/linitiative.ca\/International\/mali-choguel-maiga-nomme-premier-ministre\/"},"modified":"2021-06-01T12:05:37","modified_gmt":"2021-06-01T16:05:37","slug":"mali-choguel-maiga-nomme-premier-ministre","status":"publish","type":"post","link":"https:\/\/linitiative.ca\/International\/mali-choguel-maiga-nomme-premier-ministre\/","title":{"rendered":"Mali: Choguel Ma\u00efga nomme premier ministre."},"content":{"rendered":"<div class=\"td-post-content tagdiv-type\" readability=\"38.457746478873\">\n<div class=\"td-post-featured-image\"><a href=\"https:\/\/www.sidwaya.info\/wp-content\/uploads\/2021\/06\/Choguel-Kokala-Maiga.jpg\" data-caption=\"\"><img loading=\"lazy\" decoding=\"async\" width=\"696\" height=\"464\" class=\"entry-thumb td-modal-image\" src=\"https:\/\/www.sidwaya.info\/wp-content\/uploads\/2021\/06\/Choguel-Kokala-Maiga-696x464.jpg\" srcset=\"https:\/\/www.sidwaya.info\/wp-content\/uploads\/2021\/06\/Choguel-Kokala-Maiga-696x464.jpg 696w, https:\/\/www.sidwaya.info\/wp-content\/uploads\/2021\/06\/Choguel-Kokala-Maiga-300x200.jpg 300w, https:\/\/www.sidwaya.info\/wp-content\/uploads\/2021\/06\/Choguel-Kokala-Maiga-768x512.jpg 768w, https:\/\/www.sidwaya.info\/wp-content\/uploads\/2021\/06\/Choguel-Kokala-Maiga-150x100.jpg 150w, https:\/\/www.sidwaya.info\/wp-content\/uploads\/2021\/06\/Choguel-Kokala-Maiga-630x420.jpg 630w, https:\/\/www.sidwaya.info\/wp-content\/uploads\/2021\/06\/Choguel-Kokala-Maiga.jpg 960w\" sizes=\"auto, (max-width: 696px) 100vw, 696px\" alt=\"\" title=\"Choguel-Kokala-Maiga\"\/><\/a><\/div>\n<p>Choguel Kokalla Maiga, Ing\u00e9nieur des t\u00e9l\u00e9communications de profession, il est proche de\u00a0<a href=\"https:\/\/fr.wikipedia.org\/wiki\/Moussa_Traor%C3%A9\">Moussa Traore.<\/a> A 63 ans, il a \u00e9t\u00e9 nomm\u00e9 ce mardi 1 er \u00a0juin 2021, premier ministre du Mali par Assimi Goita. Cette nomination intervient au lendemain du sommet des chefs d\u2019Etat la CEDEAO tenu le dimanche, 30 mai dernier et qui avait recommand\u00e9 la nomination d\u2019un premier ministre issu de la soci\u00e9t\u00e9 civile. Il avait rejet\u00e9 la proposition de\u00a0<a href=\"https:\/\/fr.wikipedia.org\/wiki\/Bah_N%27Daw\">Bah N\u2019Daw<\/a>\u00a0de faire entrer le M5 au\u00a0<a href=\"https:\/\/fr.wikipedia.org\/wiki\/Gouvernement_Moctar_Ouane_(2)\">gouvernement Moctar Ouane<\/a>. Le 28 mai, peu apr\u00e8s son coup d\u2019\u00c9tat contre N\u2019Daw et\u00a0<a href=\"https:\/\/fr.wikipedia.org\/wiki\/Moctar_Ouane\">Moctar Ouane<\/a>,\u00a0<a href=\"https:\/\/fr.wikipedia.org\/wiki\/Assimi_Go%C3%AFta\">Assimi Go\u00efta<\/a>, annonce que le poste de Premier ministre reviendra au M5. Celui-ci d\u00e9signe Choguel Ma\u00efga pour la fonction.<\/p>\n<div class=\"td-a-rec td-a-rec-id-content_bottom tdi_33_16f td_block_template_1\">\n<p><img loading=\"lazy\" decoding=\"async\" class=\"aligncenter size-full wp-image-27454\" src=\"https:\/\/www.sidwaya.info\/wp-content\/uploads\/2020\/10\/PUB-Bandeau-paiement-mobile-siteweb.jpg\" alt=\"\" width=\"728\" height=\"90\"\/><\/div>\n<\/div>\n<footer>\n<div class=\"td-post-sharing-bottom\">\n<p><iframe frameborder=\"0\" src=\"https:\/\/www.facebook.com\/plugins\/like.php?href=https:\/\/www.sidwaya.info\/blog\/2021\/06\/01\/mali-choguel-maiga-nomme-premier-ministre\/&amp;layout=button_count&amp;show_faces=false&amp;width=105&amp;action=like&amp;colorscheme=light&amp;height=21\" class=\"c1\">[embedded content]<\/iframe><\/p>\n<\/div>\n<div class=\"td-block-row td-post-next-prev\">\n<div class=\"td-block-span6 td-post-prev-post td-post-next-prev-content\"><span>Article pr\u00e9c\u00e9dent<\/span><a href=\"https:\/\/www.sidwaya.info\/blog\/2021\/06\/01\/urgent-assimi-kouanda-nest-plus\/\">Urgent: : Assimi Kouanda n\u2019est plus<\/a><\/div>\n<\/div>\n<p><meta itemprop=\"name\" content=\"Wamini SIDWAYA\"\/><br \/>\n<meta itemprop=\"datePublished\" content=\"2021-06-01T16:05:37+00:00\"\/><br \/>\n<meta itemprop=\"dateModified\" content=\"2021-06-01T16:05:37+00:00\"\/><br \/>\n<meta itemscope=\"itemscope\" itemprop=\"mainEntityOfPage\" itemtype=\"https:\/\/schema.org\/WebPage\" itemid=\"https:\/\/www.sidwaya.info\/blog\/2021\/06\/01\/mali-choguel-maiga-nomme-premier-ministre\/\"\/><br \/>\n<meta itemprop=\"url\" content=\"https:\/\/www.sidwaya.info\/wp-content\/uploads\/2019\/08\/sidwaya-bon-544-1.jpg\"\/><br \/>\n<meta itemprop=\"name\" content=\"Quotidien Sidwaya\"\/><br \/>\n<meta itemprop=\"headline\" content=\"Mali: Choguel Ma\u00efga nomme premier ministre.\"\/><br \/>\n<meta itemprop=\"url\" content=\"https:\/\/www.sidwaya.info\/wp-content\/uploads\/2021\/06\/Choguel-Kokala-Maiga.jpg\"\/><br \/>\n<meta itemprop=\"width\" content=\"960\"\/><br \/>\n<meta itemprop=\"height\" content=\"640\"\/><\/footer>\n<p>Auteur: Wamini SIDWAYA<br \/>\n<a href=\"https:\/\/www.sidwaya.info\/blog\/2021\/06\/01\/mali-choguel-maiga-nomme-premier-ministre\/\">Cliquez ici pour lire l&rsquo;article depuis sa source.<\/a><\/p>\n","protected":false},"excerpt":{"rendered":"<p>Choguel Kokalla Maiga, Ing\u00e9nieur des t\u00e9l\u00e9communications de profession, il est proche de\u00a0Moussa Traore. A 63 ans, il a \u00e9t\u00e9 nomm\u00e9 ce mardi 1 er \u00a0juin 2021, premier ministre du Mali par Assimi Goita. Cette nomination intervient au lendemain du sommet des chefs d\u2019Etat la CEDEAO tenu le dimanche, 30 mai dernier et qui avait recommand\u00e9 [&hellip;]<\/p>\n","protected":false},"author":1816,"featured_media":0,"comment_status":"closed","ping_status":"closed","sticky":false,"template":"","format":"standard","meta":{"fifu_image_url":"https:\/\/www.sidwaya.info\/wp-content\/uploads\/2021\/06\/Choguel-Kokala-Maiga-696x464.jpg","fifu_image_alt":"Mali: Choguel Ma\u00efga nomme premier ministre.","footnotes":""},"categories":[73,81],"tags":[],"class_list":["post-117802","post","type-post","status-publish","format-standard","hentry","category-actualite","category-burkina-faso"],"_links":{"self":[{"href":"https:\/\/linitiative.ca\/International\/wp-json\/wp\/v2\/posts\/117802","targetHints":{"allow":["GET"]}}],"collection":[{"href":"https:\/\/linitiative.ca\/International\/wp-json\/wp\/v2\/posts"}],"about":[{"href":"https:\/\/linitiative.ca\/International\/wp-json\/wp\/v2\/types\/post"}],"author":[{"embeddable":true,"href":"https:\/\/linitiative.ca\/International\/wp-json\/wp\/v2\/users\/1816"}],"replies":[{"embeddable":true,"href":"https:\/\/linitiative.ca\/International\/wp-json\/wp\/v2\/comments?post=117802"}],"version-history":[{"count":0,"href":"https:\/\/linitiative.ca\/International\/wp-json\/wp\/v2\/posts\/117802\/revisions"}],"wp:attachment":[{"href":"https:\/\/linitiative.ca\/International\/wp-json\/wp\/v2\/media?parent=117802"}],"wp:term":[{"taxonomy":"category","embeddable":true,"href":"https:\/\/linitiative.ca\/International\/wp-json\/wp\/v2\/categories?post=117802"},{"taxonomy":"post_tag","embeddable":true,"href":"https:\/\/linitiative.ca\/International\/wp-json\/wp\/v2\/tags?post=117802"}],"curies":[{"name":"wp","href":"https:\/\/api.w.org\/{rel}","templated":true}]}}