{"id":117803,"date":"2021-06-01T12:18:02","date_gmt":"2021-06-01T16:18:02","guid":{"rendered":"https:\/\/linitiative.ca\/International\/maroc-la-mgpap-sengage-a-promouvoir-la-mutualite-sur-le-continent-africain\/"},"modified":"2021-06-01T12:18:02","modified_gmt":"2021-06-01T16:18:02","slug":"maroc-la-mgpap-sengage-a-promouvoir-la-mutualite-sur-le-continent-africain","status":"publish","type":"post","link":"https:\/\/linitiative.ca\/International\/maroc-la-mgpap-sengage-a-promouvoir-la-mutualite-sur-le-continent-africain\/","title":{"rendered":"Maroc : La MGPAP s\u2019engage \u00e0 promouvoir la mutualit\u00e9 sur le continent africain"},"content":{"rendered":"<div readability=\"32\">\n<p>Publi\u00e9 le 01.06.2021 \u00e0 17h18 par APA News<\/p>\n<\/div>\n<div readability=\"135\">\n<p>Par Hicham Alaoui\u2013 Pr\u00e9curseur en mati\u00e8re de mutualiste eu \u00e9gard \u00e0 sa riche exp\u00e9rience et ses multiples actions sociales et de solidarit\u00e9, la Mutuelle g\u00e9n\u00e9rale du personnel des administrations publiques (MGPAP) du Maroc, s\u2019est engag\u00e9e \u00e0 promouvoir la mutualit\u00e9 sur le continent africain.Lors de son Conseil d\u2019administration (CA), tenu les 28 et 29 mai \u00e0 Agadir, la MGPAP s\u2019est dite d\u00e9termin\u00e9e \u00e0 renforcer sa repr\u00e9sentativit\u00e9 au sein de l\u2019Union africaine de la Mutualit\u00e9 (UAM) et partant accentu\u00e9 son r\u00f4le pour la promotion de la mutualit\u00e9 en Afrique.<\/p>\n<p>Structure supranationale, l\u2019Union Africaine de la Mutualit\u00e9 (UAM), dont le si\u00e8ge est \u00e0 Rabat \u2013 Maroc-, est un instrument de mise en r\u00e9seau du mouvement mutualiste en Afrique pour d\u00e9fendre et repr\u00e9senter les int\u00e9r\u00eats communs des organisations membres et apporter une assistance technique de premier ordre en mati\u00e8re d\u2019am\u00e9lioration de couverture sociale et de facilitation d\u2019acc\u00e8s aux soins de sant\u00e9 \u00e0 travers la solidarit\u00e9 mutualiste.<\/p>\n<p>L\u2019UAM est une plateforme r\u00e9solument engag\u00e9e \u00e0 intensifier la coop\u00e9ration Sud-sud \u00e0 travers l\u2019\u00e9change d\u2019exp\u00e9riences et d\u2019expertises en mati\u00e8re de mutualit\u00e9 pour hisser haut l\u2019action de la s\u00e9curit\u00e9 sociale. La mutualit\u00e9, pilier incontournable de l\u2019\u00e9conomie sociale et solidaire, permet un acc\u00e8s facile aux soins de sant\u00e9 pour que l\u2019Afrique puisse relever le d\u00e9fi de la protection sociale pour tous.<\/p>\n<p>Con\u00e7ue en 2007 et cr\u00e9\u00e9e en 2010 sur initiative marocaine et un engagement des pays africains, l\u2019UAM compte parmi ses membres les mutuelles de 20 pays africains dont 13 gouvernements ont ratifi\u00e9 les statuts de cette Union.<\/p>\n<p>Il est de ce fait un espace d\u2019\u00e9change, de dialogue, de coordination et de plaidoyer du mouvement mutualiste africain aupr\u00e8s des gouvernements et des instances nationales et internationales.<\/p>\n<p>Il va sans dire que l\u2019Union Africaine de la Mutualit\u00e9 constitue une plateforme pour renforcer des relations Sud-Sud \u00e0 travers l\u2019\u00e9change des exp\u00e9riences et des expertises dans le domaine de la mutualit\u00e9, pour rehausser l\u2019action sociale et promouvoir la protection sociale.<\/p>\n<p>Cette organisation opte pour une d\u00e9marche dynamique et active pour permettre \u00e0 l\u2019Afrique de r\u00e9ussir une couverture universelle.<\/p>\n<p>En Afrique, l\u2019exclusion de la protection sociale est particuli\u00e8rement pr\u00e9occupante au regard de l\u2019ampleur de la pauvret\u00e9. Les crises \u00e9conomiques qui se sont succ\u00e9d\u00e9, ont entrain\u00e9 le d\u00e9sengagement de l\u2019Etat et ont eu pour cons\u00e9quence une r\u00e9duction des d\u00e9penses publiques. Le secteur de la sant\u00e9 a \u00e9t\u00e9 l\u2019un des plus touch\u00e9s par cette situation. La gratuit\u00e9 des soins pour tous n\u2019est plus assur\u00e9e et il faut faire appel \u00e0 la contribution des utilisateurs des services de la sant\u00e9.<\/p>\n<p>Combler les lacunes de la couverture demeure en effet un enjeu majeur du fait que le taux de couverture effective est faible, m\u00eame dans les pays dot\u00e9s d\u2019une couverture l\u00e9gale. Selon l\u2019Organisation internationale du travail (OIT), 82% de la population africaine vit sans aucune protection sociale. Une telle situation peut constituer un obstacle significatif \u00e0 l\u2019\u00e9radication de la pauvret\u00e9 et la r\u00e9duction des in\u00e9galit\u00e9s.<\/p>\n<p>Cette situation interpelle les pays africains \u00e0 redoubler d\u2019efforts pour promouvoir la protection sociale et \u0153uvrer \u00e0 la g\u00e9n\u00e9raliser en vue d\u2019atteindre notre objectif ultime celui de la protection sociale pour tous.<\/p>\n<p>Revenant aux travaux du Conseil d\u2019Administration de la MGPAP, il est \u00e0 souligner que les membres du Conseil ont approuv\u00e9 plusieurs points portant notamment sur la mobilisation davantage de ressources humaines, mat\u00e9rielles et logistiques n\u00e9cessaires, pour r\u00e9ussir l\u2019engagement de la MGPAP en faveur de la mise en \u0153uvre du chantier royal de g\u00e9n\u00e9ralisation de la protection sociale, indique un communiqu\u00e9 de la MGPAP, parvenu \u00e0 APA.<\/p>\n<p>Le Conseil a \u00e9galement approuv\u00e9 la mise en place des axes du plan strat\u00e9gique quinquennal (2021-2025), la r\u00e9duction des disparit\u00e9s territoriales et la garantie de l\u2019\u00e9galit\u00e9 d\u2019acc\u00e8s aux services administratifs, sociaux et sanitaires, outre l\u2019adoption d\u2019une politique de recrutement bas\u00e9e sur les besoins r\u00e9els de l\u2019\u00e9tablissement et les comp\u00e9tences personnelles exig\u00e9es.<\/p>\n<p>De m\u00eame, le Conseil d\u2019Administration de ce g\u00e9ant de la mutualit\u00e9 au Maroc a mis en place un m\u00e9canisme strat\u00e9gique national pour la gestion des op\u00e9rations de traitement et remboursement des dossiers m\u00e9dicaux des adh\u00e9rents, tout en incluant les r\u00e9gions.<\/p>\n<p>Il s\u2019agit aussi du renforcement de la capacit\u00e9 d\u2019accueil des centres d\u2019archives et de documentation, ainsi que l\u2019organisation de campagnes de sensibilisation et de communication visant \u00e0 faire conna\u00eetre les diff\u00e9rents services de la MGPAP.<\/p>\n<p>Maillon essentiel du syst\u00e8me mutualiste marocain, de par sa population d\u2019adh\u00e9rents au nombre de 435.000 et leurs ayant-droits ayant franchi la barre des 1,5 million, la MGPAP a pu r\u00e9aliser, durant plus de 70 ans de son existence, une s\u00e9rie de projets visant la r\u00e9gionalisation et de la politique de proximit\u00e9, la facilitation de l\u2019acc\u00e8s aux soins m\u00e9dicaux et la diversification et le d\u00e9veloppement des prestations servies aux adh\u00e9rents et leurs ayant-droits.<\/p>\n<p>La MGPAP est g\u00e9r\u00e9e par un conseil d\u2019administration constitu\u00e9 de 33 membres \u00e9lus par bulletins secrets \u00e0 l\u2019Assembl\u00e9e g\u00e9n\u00e9rale. Les membres du conseil d\u2019administration sont \u00e9lus pour un mandat de 6 ans, et sont renouvel\u00e9s par tiers tous les deux ans.<\/p>\n<\/div>\n<p>Auteur: APA News<br \/>\n<a href=\"https:\/\/www.journalducameroun.com\/maroc-la-mgpap-sengage-a-promouvoir-la-mutualite-sur-le-continent-africain\/\">Cliquez ici pour lire l&rsquo;article depuis sa source.<\/a><\/p>\n","protected":false},"excerpt":{"rendered":"<p>Publi\u00e9 le 01.06.2021 \u00e0 17h18 par APA News Par Hicham Alaoui\u2013 Pr\u00e9curseur en mati\u00e8re de mutualiste eu \u00e9gard \u00e0 sa riche exp\u00e9rience et ses multiples actions sociales et de solidarit\u00e9, la Mutuelle g\u00e9n\u00e9rale du personnel des administrations publiques (MGPAP) du Maroc, s\u2019est engag\u00e9e \u00e0 promouvoir la mutualit\u00e9 sur le continent africain.Lors de son Conseil d\u2019administration [&hellip;]<\/p>\n","protected":false},"author":1965,"featured_media":0,"comment_status":"closed","ping_status":"closed","sticky":false,"template":"","format":"standard","meta":{"fifu_image_url":"","fifu_image_alt":"","footnotes":""},"categories":[73,82],"tags":[],"class_list":["post-117803","post","type-post","status-publish","format-standard","hentry","category-actualite","category-cameroun"],"_links":{"self":[{"href":"https:\/\/linitiative.ca\/International\/wp-json\/wp\/v2\/posts\/117803","targetHints":{"allow":["GET"]}}],"collection":[{"href":"https:\/\/linitiative.ca\/International\/wp-json\/wp\/v2\/posts"}],"about":[{"href":"https:\/\/linitiative.ca\/International\/wp-json\/wp\/v2\/types\/post"}],"author":[{"embeddable":true,"href":"https:\/\/linitiative.ca\/International\/wp-json\/wp\/v2\/users\/1965"}],"replies":[{"embeddable":true,"href":"https:\/\/linitiative.ca\/International\/wp-json\/wp\/v2\/comments?post=117803"}],"version-history":[{"count":0,"href":"https:\/\/linitiative.ca\/International\/wp-json\/wp\/v2\/posts\/117803\/revisions"}],"wp:attachment":[{"href":"https:\/\/linitiative.ca\/International\/wp-json\/wp\/v2\/media?parent=117803"}],"wp:term":[{"taxonomy":"category","embeddable":true,"href":"https:\/\/linitiative.ca\/International\/wp-json\/wp\/v2\/categories?post=117803"},{"taxonomy":"post_tag","embeddable":true,"href":"https:\/\/linitiative.ca\/International\/wp-json\/wp\/v2\/tags?post=117803"}],"curies":[{"name":"wp","href":"https:\/\/api.w.org\/{rel}","templated":true}]}}