{"id":117804,"date":"2021-06-01T13:18:02","date_gmt":"2021-06-01T17:18:02","guid":{"rendered":"https:\/\/linitiative.ca\/International\/cour-des-comptes-40-magistrats-formes-sur-le-budget-programme-ivoirien\/"},"modified":"2021-06-01T13:18:02","modified_gmt":"2021-06-01T17:18:02","slug":"cour-des-comptes-40-magistrats-formes-sur-le-budget-programme-ivoirien","status":"publish","type":"post","link":"https:\/\/linitiative.ca\/International\/cour-des-comptes-40-magistrats-formes-sur-le-budget-programme-ivoirien\/","title":{"rendered":"Cour des comptes: 40 magistrats form\u00e9s sur le budget-programme ivoirien"},"content":{"rendered":"<div readability=\"32\">\n<p>Publi\u00e9 le 01.06.2021 \u00e0 18h18 par APA News<\/p>\n<\/div>\n<div readability=\"69\">\n<p>En vue de s\u2019impr\u00e9gner du budget-programme de l\u2019Etat ivoirien, le Projet d\u2019appui \u00e0 la gestion \u00e9conomique et financi\u00e8re (PAGEF) a initi\u00e9 un s\u00e9minaire au profit de magistrats issus de la Cour des comptes de C\u00f4te d\u2019Ivoire, qui se d\u00e9roule du 31 mai au 5 juin 2021 \u00e0 Abidjan.<\/p>\n<p>La session porte sur les techniques d\u2019analyse, de diagnostic et d\u2019\u00e9valuation des politiques publiques dans un contexte de budget-programme.\u00a0<\/p>\n<p>Le coordonnateur du PAGEF, Bamba N\u2019Galadjo, \u00e0 l\u2019entame du s\u00e9minaire, lundi, a pr\u00e9cis\u00e9 l\u2019objectif de cette formation qui vise \u00e0 amener les magistrats de la Cour des comptes \u00e0 s\u2019approprier le budget-programme aux fins d\u2019une ex\u00e9cution plus efficace des projets de l\u2019Etat.\u00a0<\/p>\n<p>Le pr\u00e9sident de la Cour des comptes, Kanvaly Diomand\u00e9, s\u2019est f\u00e9licit\u00e9 de cette session qui permet aux magistrats d\u2019\u00e9changer avec des experts et praticiens de la gestion financi\u00e8re publique, ce qui devrait favoriser l\u2019\u00e9laboration des rapports d\u2019audit performants. \u00a0\u00a0<\/p>\n<p>Le ministre ivoirien de l\u2019Economie et des finances, Adama Coulibaly, a fait observer que l\u2019id\u00e9e de cette session est de \u00ab\u00a0familiariser\u00a0\u00bb ces magistrats avec les concepts cl\u00e9s de la gestion macro\u00e9conomique, notamment ceux relatifs aux cadrages macro\u00e9conomique et budg\u00e9taire.<\/p>\n<p>Dans le cadre d\u2019une transparence de la gestion de son budget, l\u2019Etat ivoirien a adopt\u00e9 le budget-programme. Ce budget, d\u00e9j\u00e0 entr\u00e9 en vigueur, permet de recueillir d\u2019avance les projets pens\u00e9s dans un ensemble de programmes en vue de son ex\u00e9cution de mani\u00e8re optimale.<\/p>\n<\/div>\n<p>Auteur: APA News<br \/>\n<a href=\"https:\/\/www.journalducameroun.com\/cour-des-comptes-40-magistrats-formes-sur-le-budget-programme-ivoirien\/\">Cliquez ici pour lire l&rsquo;article depuis sa source.<\/a><\/p>\n","protected":false},"excerpt":{"rendered":"<p>Publi\u00e9 le 01.06.2021 \u00e0 18h18 par APA News En vue de s\u2019impr\u00e9gner du budget-programme de l\u2019Etat ivoirien, le Projet d\u2019appui \u00e0 la gestion \u00e9conomique et financi\u00e8re (PAGEF) a initi\u00e9 un s\u00e9minaire au profit de magistrats issus de la Cour des comptes de C\u00f4te d\u2019Ivoire, qui se d\u00e9roule du 31 mai au 5 juin 2021 \u00e0 [&hellip;]<\/p>\n","protected":false},"author":1965,"featured_media":0,"comment_status":"closed","ping_status":"closed","sticky":false,"template":"","format":"standard","meta":{"fifu_image_url":"","fifu_image_alt":"","footnotes":""},"categories":[73,82],"tags":[],"class_list":["post-117804","post","type-post","status-publish","format-standard","hentry","category-actualite","category-cameroun"],"_links":{"self":[{"href":"https:\/\/linitiative.ca\/International\/wp-json\/wp\/v2\/posts\/117804","targetHints":{"allow":["GET"]}}],"collection":[{"href":"https:\/\/linitiative.ca\/International\/wp-json\/wp\/v2\/posts"}],"about":[{"href":"https:\/\/linitiative.ca\/International\/wp-json\/wp\/v2\/types\/post"}],"author":[{"embeddable":true,"href":"https:\/\/linitiative.ca\/International\/wp-json\/wp\/v2\/users\/1965"}],"replies":[{"embeddable":true,"href":"https:\/\/linitiative.ca\/International\/wp-json\/wp\/v2\/comments?post=117804"}],"version-history":[{"count":0,"href":"https:\/\/linitiative.ca\/International\/wp-json\/wp\/v2\/posts\/117804\/revisions"}],"wp:attachment":[{"href":"https:\/\/linitiative.ca\/International\/wp-json\/wp\/v2\/media?parent=117804"}],"wp:term":[{"taxonomy":"category","embeddable":true,"href":"https:\/\/linitiative.ca\/International\/wp-json\/wp\/v2\/categories?post=117804"},{"taxonomy":"post_tag","embeddable":true,"href":"https:\/\/linitiative.ca\/International\/wp-json\/wp\/v2\/tags?post=117804"}],"curies":[{"name":"wp","href":"https:\/\/api.w.org\/{rel}","templated":true}]}}