{"id":117806,"date":"2021-06-01T15:18:02","date_gmt":"2021-06-01T19:18:02","guid":{"rendered":"https:\/\/linitiative.ca\/International\/afrique-du-sud-le-chomage-atteint-un-niveau-record\/"},"modified":"2021-06-01T15:18:02","modified_gmt":"2021-06-01T19:18:02","slug":"afrique-du-sud-le-chomage-atteint-un-niveau-record","status":"publish","type":"post","link":"https:\/\/linitiative.ca\/International\/afrique-du-sud-le-chomage-atteint-un-niveau-record\/","title":{"rendered":"Afrique du Sud : le ch\u00f4mage atteint un niveau record"},"content":{"rendered":"<div readability=\"32\">\n<p>Publi\u00e9 le 01.06.2021 \u00e0 20h18 par APA News<\/p>\n<\/div>\n<div readability=\"60\">\n<p>Au premier trimestre 2021, 32,6 % de la population active de la nation arc-en-ciel \u00e9tait au ch\u00f4mage selon les donn\u00e9es publi\u00e9es ce mardi par le Bureau sud-africain des statistiques (Stats SA).En Afrique du Sud, la courbe du ch\u00f4mage ne fl\u00e9chit pas. Durant les trois premiers mois de cette ann\u00e9e, ce pays \u00e9mergent comptait 7,2 millions de demandeurs d\u2019emploi. Soit 8000 de plus par rapport au pr\u00e9c\u00e9dent trimestre.<\/p>\n<p>C\u2019est le plus haut pourcentage depuis le d\u00e9but de l\u2019\u00e9valuation trimestrielle du ch\u00f4mage en 2008. L\u2019\u00e9tude montre que des emplois ont principalement \u00e9t\u00e9 perdus dans les secteurs de la construction et de l\u2019agriculture.<\/p>\n<p>Si l\u2019on prend en compte les personnes sans travail mais qui ont cess\u00e9 d\u2019en chercher, on passe \u00e0 43,2 % de la population active d\u2019apr\u00e8s Risenga Maluleke, le Directeur G\u00e9n\u00e9ral de Stats SA. L\u2019\u00e9conomie sud-africaine, d\u00e9j\u00e0 \u00e9branl\u00e9e par une r\u00e9cession, a \u00e9t\u00e9 mise \u00e0 mal par le nouveau coronavirus.<\/p>\n<p>En effet, le pays de Cyril Ramaphosa est le plus touch\u00e9 sur le continent noir par la pand\u00e9mie. A ce jour, le virus a caus\u00e9 la mort de 56.000 personnes sur plus d\u20191,6 million de contaminations.<\/p>\n<\/div>\n<p>Auteur: APA News<br \/>\n<a href=\"https:\/\/www.journalducameroun.com\/afrique-du-sud-le-chomage-atteint-un-niveau-record\/\">Cliquez ici pour lire l&rsquo;article depuis sa source.<\/a><\/p>\n","protected":false},"excerpt":{"rendered":"<p>Publi\u00e9 le 01.06.2021 \u00e0 20h18 par APA News Au premier trimestre 2021, 32,6 % de la population active de la nation arc-en-ciel \u00e9tait au ch\u00f4mage selon les donn\u00e9es publi\u00e9es ce mardi par le Bureau sud-africain des statistiques (Stats SA).En Afrique du Sud, la courbe du ch\u00f4mage ne fl\u00e9chit pas. Durant les trois premiers mois de [&hellip;]<\/p>\n","protected":false},"author":1965,"featured_media":0,"comment_status":"closed","ping_status":"closed","sticky":false,"template":"","format":"standard","meta":{"fifu_image_url":"","fifu_image_alt":"","footnotes":""},"categories":[73,82],"tags":[],"class_list":["post-117806","post","type-post","status-publish","format-standard","hentry","category-actualite","category-cameroun"],"_links":{"self":[{"href":"https:\/\/linitiative.ca\/International\/wp-json\/wp\/v2\/posts\/117806","targetHints":{"allow":["GET"]}}],"collection":[{"href":"https:\/\/linitiative.ca\/International\/wp-json\/wp\/v2\/posts"}],"about":[{"href":"https:\/\/linitiative.ca\/International\/wp-json\/wp\/v2\/types\/post"}],"author":[{"embeddable":true,"href":"https:\/\/linitiative.ca\/International\/wp-json\/wp\/v2\/users\/1965"}],"replies":[{"embeddable":true,"href":"https:\/\/linitiative.ca\/International\/wp-json\/wp\/v2\/comments?post=117806"}],"version-history":[{"count":0,"href":"https:\/\/linitiative.ca\/International\/wp-json\/wp\/v2\/posts\/117806\/revisions"}],"wp:attachment":[{"href":"https:\/\/linitiative.ca\/International\/wp-json\/wp\/v2\/media?parent=117806"}],"wp:term":[{"taxonomy":"category","embeddable":true,"href":"https:\/\/linitiative.ca\/International\/wp-json\/wp\/v2\/categories?post=117806"},{"taxonomy":"post_tag","embeddable":true,"href":"https:\/\/linitiative.ca\/International\/wp-json\/wp\/v2\/tags?post=117806"}],"curies":[{"name":"wp","href":"https:\/\/api.w.org\/{rel}","templated":true}]}}