{"id":117807,"date":"2021-06-01T17:18:01","date_gmt":"2021-06-01T21:18:01","guid":{"rendered":"https:\/\/linitiative.ca\/International\/un-seminaire-islamique-autour-de-lecole-ivoirienne-prevu-en-aout\/"},"modified":"2021-06-01T17:18:01","modified_gmt":"2021-06-01T21:18:01","slug":"un-seminaire-islamique-autour-de-lecole-ivoirienne-prevu-en-aout","status":"publish","type":"post","link":"https:\/\/linitiative.ca\/International\/un-seminaire-islamique-autour-de-lecole-ivoirienne-prevu-en-aout\/","title":{"rendered":"Un s\u00e9minaire islamique autour de l\u2019\u00e9cole ivoirienne pr\u00e9vu en ao\u00fbt"},"content":{"rendered":"<div readability=\"32\">\n<p>Publi\u00e9 le 01.06.2021 \u00e0 22h18 par APA News<\/p>\n<\/div>\n<div readability=\"93\">\n<p>Le pr\u00e9sident ou l\u2019Amir de l\u2019Association des \u00e9l\u00e8ves et \u00e9tudiants musulmans de C\u00f4te d\u2019Ivoire (AEEMCI), Brahima Demb\u00e9l\u00e9, a annonc\u00e9 mardi \u00e0 Abidjan l\u2019organisation de la 32e \u00e9dition du S\u00e9minaire national de formation islamique et manag\u00e9rial (SENAFOI) avec pour th\u00e8me central l\u2019\u00e9cole ivoirienne.<\/p>\n<p>\u00ab\u00a0La 32e \u00e9dition de notre traditionnel S\u00e9minaire national de formation islamique et manag\u00e9rial (SENAFOI) se tiendra cette ann\u00e9e du 31 juillet au 8 ao\u00fbt 2021 dans la cit\u00e9 baln\u00e9aire de San-Pedro (sud-ouest)\u00a0\u00bb, a d\u00e9clar\u00e9 M. Brahima Demb\u00e9l\u00e9, lors d\u2019un point de presse au si\u00e8ge de l\u2019AEEMCI.<\/p>\n<p>Ce s\u00e9minaire qui aura lieu, \u00ab\u00a0apr\u00e8s une ann\u00e9e d\u2019absence\u00a0\u00bb, vise \u00e0 mettre \u00e0 la disposition des \u00e9l\u00e8ves et \u00e9tudiants cette plateforme afin de les \u00ab\u00a0occuper sainement\u00a0\u00bb durant les vacances, a indiqu\u00e9 le pr\u00e9sident de l\u2019AEEMCI, soulignant que les inscriptions d\u00e9butaient ce jour.<\/p>\n<p>Au cours de ce point de presse, le pr\u00e9sident de l\u2019AEEMCI a fait le bilan relatif aux s\u00e9minaires r\u00e9gionaux de l\u2019organisation, qui se sont tenus autour du th\u00e8me central \u00ab\u00a0La reconstruction d\u2019une C\u00f4te d\u2019Ivoire unie et solidaire: Quelle contribution de l\u2019AEEMCI ?\u00a0\u00bb.<\/p>\n<p>Les notions de citoyennet\u00e9 ont \u00e9t\u00e9 fortement abord\u00e9es lors de ces s\u00e9minaires r\u00e9gionaux, tenus via les organes de base de l\u2019AEEMCI. L\u2019objectif \u00e9tant de favoriser le respect des symboles de l\u2019Etat, de l\u2019entretien des ouvrages d\u2019assainissement, la solidarit\u00e9 et la coh\u00e9sion sociale. \u00a0<\/p>\n<p>L\u2019objectif \u00e9tait, selon M. Brahima Demb\u00e9l\u00e9, d\u2019instruire, de former et de sensibiliser les militants et sympathisants de l\u2019AEEMCI sur des th\u00e9matiques en lien avec les questions d\u2019ordre religieux, acad\u00e9mique et manag\u00e9rial.<\/p>\n<p>\u00ab\u00a0Ce rassemblement didactique a mobilis\u00e9 11 400 \u00e9l\u00e8ves et \u00e9tudiants musulmans \u00e0 travers tout le pays sur 10 000 participants attendus\u00a0\u00bb, a pr\u00e9cis\u00e9 M. Brahima Demb\u00e9l\u00e9, qui a not\u00e9 que \u00ab\u00a0chacun de ces s\u00e9minaires a fait l\u2019objet de supervision (et) 31 missions\u00a0\u00bb ont \u00e9t\u00e9 faites par le Comit\u00e9 ex\u00e9cutif de l\u2019AEEMCI.<\/p>\n<p>Selon le pr\u00e9sident de l\u2019AEEMCI, \u00ab\u00a0les th\u00e8mes de civisme abord\u00e9s ont fortement contribu\u00e9 au renforcement du sentiment de patriotisme, de la volont\u00e9 de sauvetage de la paix et du cadre de vie des militants\u00a0\u00bb.<\/p>\n<p>\u00ab\u00a0Nous avons \u00e9galement constat\u00e9 l\u2019engagement de nos militants \u00e0 travailler pour une C\u00f4te d\u2019Ivoire unie et solidaire\u00a0\u00bb, a-t-il poursuivi. Chacun des participants a re\u00e7u un dipl\u00f4me de participation d\u00e9cern\u00e9 par l\u2019AEEMCI, la plus ancienne des organisations de jeunesse musulmane.\u00a0<\/p>\n<\/div>\n<p>Auteur: APA News<br \/>\n<a href=\"https:\/\/www.journalducameroun.com\/un-seminaire-islamique-autour-de-lecole-ivoirienne-prevu-en-aout\/\">Cliquez ici pour lire l&rsquo;article depuis sa source.<\/a><\/p>\n","protected":false},"excerpt":{"rendered":"<p>Publi\u00e9 le 01.06.2021 \u00e0 22h18 par APA News Le pr\u00e9sident ou l\u2019Amir de l\u2019Association des \u00e9l\u00e8ves et \u00e9tudiants musulmans de C\u00f4te d\u2019Ivoire (AEEMCI), Brahima Demb\u00e9l\u00e9, a annonc\u00e9 mardi \u00e0 Abidjan l\u2019organisation de la 32e \u00e9dition du S\u00e9minaire national de formation islamique et manag\u00e9rial (SENAFOI) avec pour th\u00e8me central l\u2019\u00e9cole ivoirienne. \u00ab\u00a0La 32e \u00e9dition de notre [&hellip;]<\/p>\n","protected":false},"author":1965,"featured_media":0,"comment_status":"closed","ping_status":"closed","sticky":false,"template":"","format":"standard","meta":{"fifu_image_url":"","fifu_image_alt":"","footnotes":""},"categories":[73,82],"tags":[],"class_list":["post-117807","post","type-post","status-publish","format-standard","hentry","category-actualite","category-cameroun"],"_links":{"self":[{"href":"https:\/\/linitiative.ca\/International\/wp-json\/wp\/v2\/posts\/117807","targetHints":{"allow":["GET"]}}],"collection":[{"href":"https:\/\/linitiative.ca\/International\/wp-json\/wp\/v2\/posts"}],"about":[{"href":"https:\/\/linitiative.ca\/International\/wp-json\/wp\/v2\/types\/post"}],"author":[{"embeddable":true,"href":"https:\/\/linitiative.ca\/International\/wp-json\/wp\/v2\/users\/1965"}],"replies":[{"embeddable":true,"href":"https:\/\/linitiative.ca\/International\/wp-json\/wp\/v2\/comments?post=117807"}],"version-history":[{"count":0,"href":"https:\/\/linitiative.ca\/International\/wp-json\/wp\/v2\/posts\/117807\/revisions"}],"wp:attachment":[{"href":"https:\/\/linitiative.ca\/International\/wp-json\/wp\/v2\/media?parent=117807"}],"wp:term":[{"taxonomy":"category","embeddable":true,"href":"https:\/\/linitiative.ca\/International\/wp-json\/wp\/v2\/categories?post=117807"},{"taxonomy":"post_tag","embeddable":true,"href":"https:\/\/linitiative.ca\/International\/wp-json\/wp\/v2\/tags?post=117807"}],"curies":[{"name":"wp","href":"https:\/\/api.w.org\/{rel}","templated":true}]}}