{"id":117808,"date":"2021-06-01T07:26:19","date_gmt":"2021-06-01T11:26:19","guid":{"rendered":"https:\/\/linitiative.ca\/International\/sionle-yeo-et-antoine-ganga-sont-les-nouveaux-managers-dafg-holding-sa\/"},"modified":"2021-06-01T07:26:19","modified_gmt":"2021-06-01T11:26:19","slug":"sionle-yeo-et-antoine-ganga-sont-les-nouveaux-managers-dafg-holding-sa","status":"publish","type":"post","link":"https:\/\/linitiative.ca\/International\/sionle-yeo-et-antoine-ganga-sont-les-nouveaux-managers-dafg-holding-sa\/","title":{"rendered":"Sionle Yeo et Antoine Ganga, sont les nouveaux managers d\u2019AFG Holding SA"},"content":{"rendered":"<p>La holding financi\u00e8re d\u2019Atlantic Group, Atlantic Financial Group Holding SA (AFG), accueille un nouveau Directeur g\u00e9n\u00e9ral, de m\u00eame qu\u2019un nouveau secr\u00e9taire g\u00e9n\u00e9ral. Ceci \u00e0 l\u2019issu d\u2019un conseil d\u2019administration tenu ce jour par l\u2019institution. \u00ab\u00a0Le Conseil d\u2019Administration d\u2019AFG Holding SA, r\u00e9uni ce mardi 01<sup>er<\/sup>\u00a0juin 2021, a proc\u00e9d\u00e9 \u00e0 la nomination de Monsieur SIONLE YEO au poste de Directeur G\u00e9n\u00e9ral d\u2019AFG Holding SA et de Monsieur Antoine GANGA au poste de Secr\u00e9taire G\u00e9n\u00e9ral\u00a0\u00bb, peut-on lire dans un communiqu\u00e9 rendu public par l\u2019entreprise.<\/p>\n<p><strong>Lire aussi<\/strong> : <strong><a href=\"https:\/\/ecomatin.net\/banques-atlantic-group-renforce-sa-presence-sur-le-continent\/\">Banques : Atlantic Group renforce sa pr\u00e9sence sur le continent<\/a><\/strong><\/p>\n<p>Un coup d\u2019\u0153il sur le profil de Sionle Yeo, le tout nouveau Directeur g\u00e9n\u00e9ral d\u2019AFG Holding SA, renseigne qu\u2019il est un ing\u00e9nieur dipl\u00f4m\u00e9 de l\u2019Ecole Centrale de Marseille et de l\u2019Institut National Polytechnique de Grenoble, de m\u00eame que l\u2019Institut Technique de Banque de Paris (ITB). Sur le plan professionnel, Sionle Yeo b\u00e9n\u00e9ficie d\u2019une exp\u00e9rience de trente ans dans le secteur bancaire en Afrique sub-saharienne et Oc\u00e9an Indien. Exp\u00e9rience qu\u2019il a acquise en occupant de hautes fonctions de responsabilit\u00e9s. Notamment celles de Directeur G\u00e9n\u00e9ral de Soci\u00e9t\u00e9 G\u00e9n\u00e9rale Ghana, Directeur G\u00e9n\u00e9ral de Soci\u00e9t\u00e9 G\u00e9n\u00e9rale Burkina Faso, Directeur G\u00e9n\u00e9ral Adjoint et Directeur Financier et Informatique de Soci\u00e9t\u00e9 G\u00e9n\u00e9rale C\u00f4te d\u2019Ivoire. Avant sa nomination \u00e0 la t\u00eate de AFG Holding, il \u00e9tait Directeur R\u00e9gional de la Soci\u00e9t\u00e9 G\u00e9n\u00e9rale pour l\u2019Afrique Centrale et de l\u2019Est.<\/p>\n<p><strong>Lire aussi<\/strong> : <strong><a href=\"https:\/\/ecomatin.net\/covid-19-banque-atlantique-enregistre-5-cas-positifs\/\">Covid-19 : Banque Atlantique enregistre 5 cas positifs<\/a><\/strong><\/p>\n<p>Le nouveau Secr\u00e9taire g\u00e9n\u00e9ral Antoine Ganga quant-\u00e0-lui, jouit de vingt ann\u00e9es d\u2019exp\u00e9rience dans le secteur bancaire en Afrique. Avant sa nomination, il occupait le poste de Directeur G\u00e9n\u00e9ral de la Banque pour l\u2019Industrie et le Commerce des Comores (BIC \u2013Comores), anciennement filiale du Groupe BNP Paribas en 2020. Toujours au sein de cette entreprise il a occup\u00e9 les fonctions de Directeur de la strat\u00e9gie et celle de Responsable de d\u00e9veloppement au sein du groupe BNP Paribas IRB Participations pour l\u2019Afrique. Sur le plan acad\u00e9mique, Antoine Ganga est titulaire d\u2019une Ma\u00eetrise et d\u2019un DESS de Sciences Economiques de l\u2019Universit\u00e9 Paris I -Panth\u00e9on Sorbonne.<\/p>\n<p>Pour rappel, AFG est la holding financi\u00e8re d\u2019Atlantic Group qui assure la supervision des activit\u00e9s du groupe dans le secteur financier (banque et assurance) avec plus de quarante ann\u00e9es d\u2019exp\u00e9rience en zones Uemoa, Cemac et Oc\u00e9an Indien. Elle a \u00e9t\u00e9 fond\u00e9e par Kone Dossongui.<\/p>\n<p>Auteur: Cindy MBALA<br \/>\n<a href=\"https:\/\/ecomatin.net\/sionle-yeo-et-antoine-ganga-sont-les-nouveaux-managers-dafg-holding-sa\/\">Cliquez ici pour lire l&rsquo;article depuis sa source.<\/a><\/p>\n","protected":false},"excerpt":{"rendered":"<p>La holding financi\u00e8re d\u2019Atlantic Group, Atlantic Financial Group Holding SA (AFG), accueille un nouveau Directeur g\u00e9n\u00e9ral, de m\u00eame qu\u2019un nouveau secr\u00e9taire g\u00e9n\u00e9ral. Ceci \u00e0 l\u2019issu d\u2019un conseil d\u2019administration tenu ce jour par l\u2019institution. \u00ab\u00a0Le Conseil d\u2019Administration d\u2019AFG Holding SA, r\u00e9uni ce mardi 01er\u00a0juin 2021, a proc\u00e9d\u00e9 \u00e0 la nomination de Monsieur SIONLE YEO au poste [&hellip;]<\/p>\n","protected":false},"author":1969,"featured_media":0,"comment_status":"closed","ping_status":"closed","sticky":false,"template":"","format":"standard","meta":{"fifu_image_url":"","fifu_image_alt":"","footnotes":""},"categories":[82,78],"tags":[],"class_list":["post-117808","post","type-post","status-publish","format-standard","hentry","category-cameroun","category-economie"],"_links":{"self":[{"href":"https:\/\/linitiative.ca\/International\/wp-json\/wp\/v2\/posts\/117808","targetHints":{"allow":["GET"]}}],"collection":[{"href":"https:\/\/linitiative.ca\/International\/wp-json\/wp\/v2\/posts"}],"about":[{"href":"https:\/\/linitiative.ca\/International\/wp-json\/wp\/v2\/types\/post"}],"author":[{"embeddable":true,"href":"https:\/\/linitiative.ca\/International\/wp-json\/wp\/v2\/users\/1969"}],"replies":[{"embeddable":true,"href":"https:\/\/linitiative.ca\/International\/wp-json\/wp\/v2\/comments?post=117808"}],"version-history":[{"count":0,"href":"https:\/\/linitiative.ca\/International\/wp-json\/wp\/v2\/posts\/117808\/revisions"}],"wp:attachment":[{"href":"https:\/\/linitiative.ca\/International\/wp-json\/wp\/v2\/media?parent=117808"}],"wp:term":[{"taxonomy":"category","embeddable":true,"href":"https:\/\/linitiative.ca\/International\/wp-json\/wp\/v2\/categories?post=117808"},{"taxonomy":"post_tag","embeddable":true,"href":"https:\/\/linitiative.ca\/International\/wp-json\/wp\/v2\/tags?post=117808"}],"curies":[{"name":"wp","href":"https:\/\/api.w.org\/{rel}","templated":true}]}}