{"id":117811,"date":"2021-06-01T15:11:51","date_gmt":"2021-06-01T19:11:51","guid":{"rendered":"https:\/\/linitiative.ca\/International\/saham-assurance-renait-sous-la-denomination-de-sanlam\/"},"modified":"2021-06-01T15:11:51","modified_gmt":"2021-06-01T19:11:51","slug":"saham-assurance-renait-sous-la-denomination-de-sanlam","status":"publish","type":"post","link":"https:\/\/linitiative.ca\/International\/saham-assurance-renait-sous-la-denomination-de-sanlam\/","title":{"rendered":"Saham Assurance rena\u00eet sous la d\u00e9nomination de Sanlam"},"content":{"rendered":"<p>Elle ne s\u2019appellera plus Saham assurance, mais d\u00e9sormais Sanlam. A compter de ce 1<sup>er<\/sup>\u00a0juin\u00a0\u00a02021, la compagnie d\u2019assurance Saham change officiellement de d\u00e9nomination sur ses diff\u00e9rents march\u00e9s en Afrique dont le Cameroun, ce \u00e0 la faveur de son absorption par Sanlam Group. L\u2019annonce de cette transformation\u00a0\u00a0identitaire juridique, op\u00e9rationnelle et surtout commerciale, a \u00e9t\u00e9 faite par les DG des filiales vie et non Non-vie du groupe d\u2019assurance, respectivement Th\u00e9ophile G\u00e9rald Moulong et C\u00e9dric Viallet. \u00ab Ce changement fait suite \u00e0 la finalisation de l\u2019acquisition de Saham Finance en octobre 2018 par Sanlam Group, groupe de services financiers panafricains \u00e0 m\u00eame d\u2019offrir une gamme compl\u00e8te de produits \u00e0 la client\u00e8le, des particuliers et des entreprises \u00bb, indique Th\u00e9ophile G\u00e9rald Moulong, DG de Sanlam vie.\u00a0<\/p>\n<p><strong>Lire aussi<\/strong> : <strong><a href=\"https:\/\/ecomatin.net\/assurance-lassureur-saham-life-insurance-cameroon-augmente-son-capital-a-449-milliards-fcfa\/\">Assurance : l\u2019assureur Saham Life Insurance Cameroon augmente son capital \u00e0 4,49 milliards FCFA<\/a><\/strong><\/p>\n<p>Il va sans\u00a0\u00a0dire que le processus de transformation annonce de nouveaux d\u00e9fis pour la nouvelle entit\u00e9. Sur la question, les responsables se montrent rassurants. \u00ab L\u2019implantation de Sanlam\u00a0\u00a0au Cameroun ob\u00e9it \u00e0 la strat\u00e9gie du Groupe, fond\u00e9e sur l\u2019installation\u00a0\u00a0d\u2019une marque unique et forte \u00e0 travers le contient \u00bb, fait savoir C\u00e9dric Viallet.\u00a0\u00a0Cette op\u00e9ration de rebranding est porteuse d\u2019un potentiel de cr\u00e9ation de valeurs pour les clients ainsi qu\u2019une source de croissance des activit\u00e9s fond\u00e9e sur les synergies\u00a0\u00a0et une exp\u00e9rience s\u00e9culaire. \u00ab\u2026 Le changement aussi, s\u2019est pour s\u2019arrimer \u00e0 un nouvel assureur\u00a0\u00a0de renomm\u00e9\u00a0\u00a0mondiale. Et \u00e0 un puissant groupe qui\u00a0\u00a0apporte de nouvelles fa\u00e7ons de faire. L\u2019objectif est de jouer les premiers r\u00f4les dans nos pays en termes de services d\u2019assurance et services financiers \u00bb, expliquent les responsables du groupe Sanlam.\u00a0\u00a0<\/p>\n<p><strong>Lire aussi<\/strong> : <strong><a href=\"https:\/\/ecomatin.net\/assurance-saham-et-gmc-augmentent-leur-capital\/\">Assurance : Saham et GMC augmentent leur capital<\/a><\/strong><\/p>\n<p>Il faut noter que, Sanlam est un groupe de services financiers cot\u00e9 aux bourses de Johanesbourg et de Namibie. Fond\u00e9 en 1918 en tant que compagnie d\u2019assurance vie, le groupe bas\u00e9 en Afrique du Sud s\u2019est par la suite transform\u00e9 en une entreprise de services financiers diversifi\u00e9e. Le groupe d\u00e9veloppe des solutions financi\u00e8res compl\u00e8tes et personnalis\u00e9es\u00a0au profit des clients particuliers et institutionnels dans tous les segments de march\u00e9.<\/p>\n<p>Auteur: Amina MALLOUM<br \/>\n<a href=\"https:\/\/ecomatin.net\/saham-assurance-renait-sous-la-denomination-de-sanlam\/\">Cliquez ici pour lire l&rsquo;article depuis sa source.<\/a><\/p>\n","protected":false},"excerpt":{"rendered":"<p>Elle ne s\u2019appellera plus Saham assurance, mais d\u00e9sormais Sanlam. A compter de ce 1er\u00a0juin\u00a0\u00a02021, la compagnie d\u2019assurance Saham change officiellement de d\u00e9nomination sur ses diff\u00e9rents march\u00e9s en Afrique dont le Cameroun, ce \u00e0 la faveur de son absorption par Sanlam Group. L\u2019annonce de cette transformation\u00a0\u00a0identitaire juridique, op\u00e9rationnelle et surtout commerciale, a \u00e9t\u00e9 faite par les [&hellip;]<\/p>\n","protected":false},"author":1969,"featured_media":0,"comment_status":"closed","ping_status":"closed","sticky":false,"template":"","format":"standard","meta":{"fifu_image_url":"","fifu_image_alt":"","footnotes":""},"categories":[82,78],"tags":[],"class_list":["post-117811","post","type-post","status-publish","format-standard","hentry","category-cameroun","category-economie"],"_links":{"self":[{"href":"https:\/\/linitiative.ca\/International\/wp-json\/wp\/v2\/posts\/117811","targetHints":{"allow":["GET"]}}],"collection":[{"href":"https:\/\/linitiative.ca\/International\/wp-json\/wp\/v2\/posts"}],"about":[{"href":"https:\/\/linitiative.ca\/International\/wp-json\/wp\/v2\/types\/post"}],"author":[{"embeddable":true,"href":"https:\/\/linitiative.ca\/International\/wp-json\/wp\/v2\/users\/1969"}],"replies":[{"embeddable":true,"href":"https:\/\/linitiative.ca\/International\/wp-json\/wp\/v2\/comments?post=117811"}],"version-history":[{"count":0,"href":"https:\/\/linitiative.ca\/International\/wp-json\/wp\/v2\/posts\/117811\/revisions"}],"wp:attachment":[{"href":"https:\/\/linitiative.ca\/International\/wp-json\/wp\/v2\/media?parent=117811"}],"wp:term":[{"taxonomy":"category","embeddable":true,"href":"https:\/\/linitiative.ca\/International\/wp-json\/wp\/v2\/categories?post=117811"},{"taxonomy":"post_tag","embeddable":true,"href":"https:\/\/linitiative.ca\/International\/wp-json\/wp\/v2\/tags?post=117811"}],"curies":[{"name":"wp","href":"https:\/\/api.w.org\/{rel}","templated":true}]}}