{"id":117814,"date":"2021-06-02T06:53:17","date_gmt":"2021-06-02T10:53:17","guid":{"rendered":"https:\/\/linitiative.ca\/International\/cameroun-un-gendarme-accuse-de-viol-dune-adolescente-de-13-ans\/"},"modified":"2021-06-02T06:53:17","modified_gmt":"2021-06-02T10:53:17","slug":"cameroun-un-gendarme-accuse-de-viol-dune-adolescente-de-13-ans","status":"publish","type":"post","link":"https:\/\/linitiative.ca\/International\/cameroun-un-gendarme-accuse-de-viol-dune-adolescente-de-13-ans\/","title":{"rendered":"Cameroun : un gendarme accus\u00e9 de viol d\u2019une adolescente de 13 ans"},"content":{"rendered":"<div readability=\"32\">\n<p>Publi\u00e9 le 02.06.2021 \u00e0 11h53 par Emile Zola Nd\u00e9 Tchoussi<\/p>\n<\/div>\n<div readability=\"84\">\n<h5 class=\"c9\"><strong>Selon le r\u00e9cit des faits, la\u00a0 sc\u00e8ne s\u2019est produite dans la soir\u00e9e du lundi 31 mai 2021 \u00e0 Babadjou, un arrondissement du d\u00e9partement des Bamboutos, r\u00e9gion de l\u2019Ouest Cameroun. Pour les besoins de l\u2019enqu\u00eate, Biwole, le pr\u00e9sum\u00e9 violeur est en garde \u00e0 vue dans une cellule de la Compagnie de brigade de Mbouda.<\/strong><\/h5>\n<p class=\"c11\">Une rocambolesque affaire de viol agite l\u2019<strong>arrondissement de Babadjou,<\/strong> depuis la soir\u00e9e du lundi 31 mai dernier. Selon le r\u00e9cit de l\u2019adolescente, \u00e2g\u00e9e de 13 ans, \u00e9l\u00e8ve en classe de 6\u00e8me au Lyc\u00e9e bilingue de cette localit\u00e9, elle dit avoir \u00e9t\u00e9 sexuellement agress\u00e9e par un gendarme.\u00a0\u00a0Les faits se seraient produits dans l\u2019enceinte m\u00eame de la brigade de gendarmerie, situ\u00e9e en face de l\u2019endroit o\u00f9 sa maman fait son petit commerce.<\/p>\n<p class=\"c11\">\u00ab\u00a0<em>Je suis arriv\u00e9e pour prendre le plat et r\u00e9clamer l\u2019argent du poisson que le gendarme avait pris. C\u2019est ainsi qu\u2019il m\u2019a tir\u00e9 dans son bureau, m\u2019a d\u00e9shabill\u00e9 et \u00e0 abuser de moi en me mena\u00e7ant avec son arme de ne surtout pas dire \u00e0 quelqu\u2019un. Quand j\u2019ai commenc\u00e9 a pleur\u00e9 il m\u2019a l\u00e2ch\u00e9\u00a0<\/em>\u00bb, raconte la jeune fille, en sanglot, au micro d\u2019Equinoxe TV<\/p>\n<p class=\"c11\">Lib\u00e9r\u00e9e des griffes de son pr\u00e9sum\u00e9 bourreau, la jeune fille va vaincre la peur et raconter la sc\u00e8ne \u00e0 sa m\u00e8re, malgr\u00e9 les repr\u00e9sailles, qui selon ses dires lui ont \u00e9t\u00e9 prof\u00e9r\u00e9es. Le p\u00e8re de la jeune fille mis au courant de cette triste affaire, va se rendre \u00e0 la gendarmerie. Le commandant de brigade va sugg\u00e9rer au p\u00e8re de l\u2019enfant de conduire sa fille d\u2019abord dans un centre hospitalier pour des examens. Conduite au centre m\u00e9dical de l\u2019arrondissement Babadjou, la fillette apr\u00e8s des r\u00e9v\u00e9lations hallucinantes, va subir une s\u00e9rie d\u2019examens.<\/p>\n<p class=\"c11\">Menac\u00e9 de lynchage par la population en furie, Mr Biwol\u00e9, le pr\u00e9sum\u00e9 violeur a \u00e9t\u00e9 interpell\u00e9 et est en garde en vue \u00e0 la Compagnie de gendarmerie de Mbouda, en attendant les r\u00e9sultats des examens approfondis exig\u00e9s, pour \u00e9tablir ou non sa culpabilit\u00e9. La famille de la fille viol\u00e9e, d\u00e9pass\u00e9e par cette scabreuse affaire, r\u00e9clame seulement que justice soit faite \u00ab\u00a0<em>avec la plus grande s\u00e9v\u00e9rit\u00e9\u00a0<\/em>\u00bb.<\/p>\n<p class=\"c11\">Cette affaire \u00e9clate alors qu\u2019<strong>Awa Fonka Augustine<\/strong>, le gouverneur de la r\u00e9gion de l\u2019Ouest a r\u00e9cemment exprim\u00e9 son inqui\u00e9tude sur la mont\u00e9e vertigineuse des cas de viol dans sa circonscription administrative\u00a0: \u00ab\u00a0<em>le vol, le viol, les agressions, les enl\u00e8vements sont les maux qui minent notre r\u00e9gion. Nous devons tous travailler, en sensibilisant, en \u00e9duquant nos enfants, afin de mettre un terme \u00e0 tous ces fl\u00e9aux\u00a0<\/em>\u00bb. Mais d\u00e8s lors que les forces de maintien de l\u2019ordre\u00a0deviennent des bourreaux, il y a lieu de craindre pour nos vies.<\/p>\n<\/div>\n<p>Auteur: Christian DJIMADEU<br \/>\n<a href=\"https:\/\/www.journalducameroun.com\/cameroun-un-gendarme-accuse-de-viol-dune-adolescente-de-13-ans-cameroun\/\">Cliquez ici pour lire l&rsquo;article depuis sa source.<\/a><\/p>\n","protected":false},"excerpt":{"rendered":"<p>Publi\u00e9 le 02.06.2021 \u00e0 11h53 par Emile Zola Nd\u00e9 Tchoussi Selon le r\u00e9cit des faits, la\u00a0 sc\u00e8ne s\u2019est produite dans la soir\u00e9e du lundi 31 mai 2021 \u00e0 Babadjou, un arrondissement du d\u00e9partement des Bamboutos, r\u00e9gion de l\u2019Ouest Cameroun. Pour les besoins de l\u2019enqu\u00eate, Biwole, le pr\u00e9sum\u00e9 violeur est en garde \u00e0 vue dans une [&hellip;]<\/p>\n","protected":false},"author":1965,"featured_media":0,"comment_status":"closed","ping_status":"closed","sticky":false,"template":"","format":"standard","meta":{"fifu_image_url":"","fifu_image_alt":"","footnotes":""},"categories":[73,82],"tags":[],"class_list":["post-117814","post","type-post","status-publish","format-standard","hentry","category-actualite","category-cameroun"],"_links":{"self":[{"href":"https:\/\/linitiative.ca\/International\/wp-json\/wp\/v2\/posts\/117814","targetHints":{"allow":["GET"]}}],"collection":[{"href":"https:\/\/linitiative.ca\/International\/wp-json\/wp\/v2\/posts"}],"about":[{"href":"https:\/\/linitiative.ca\/International\/wp-json\/wp\/v2\/types\/post"}],"author":[{"embeddable":true,"href":"https:\/\/linitiative.ca\/International\/wp-json\/wp\/v2\/users\/1965"}],"replies":[{"embeddable":true,"href":"https:\/\/linitiative.ca\/International\/wp-json\/wp\/v2\/comments?post=117814"}],"version-history":[{"count":0,"href":"https:\/\/linitiative.ca\/International\/wp-json\/wp\/v2\/posts\/117814\/revisions"}],"wp:attachment":[{"href":"https:\/\/linitiative.ca\/International\/wp-json\/wp\/v2\/media?parent=117814"}],"wp:term":[{"taxonomy":"category","embeddable":true,"href":"https:\/\/linitiative.ca\/International\/wp-json\/wp\/v2\/categories?post=117814"},{"taxonomy":"post_tag","embeddable":true,"href":"https:\/\/linitiative.ca\/International\/wp-json\/wp\/v2\/tags?post=117814"}],"curies":[{"name":"wp","href":"https:\/\/api.w.org\/{rel}","templated":true}]}}