{"id":117815,"date":"2021-06-02T07:07:42","date_gmt":"2021-06-02T11:07:42","guid":{"rendered":"https:\/\/linitiative.ca\/International\/covid-19-la-vaccination-lancee-ce-mercredi-au-chu-de-bogodogo\/"},"modified":"2021-06-02T07:07:42","modified_gmt":"2021-06-02T11:07:42","slug":"covid-19-la-vaccination-lancee-ce-mercredi-au-chu-de-bogodogo","status":"publish","type":"post","link":"https:\/\/linitiative.ca\/International\/covid-19-la-vaccination-lancee-ce-mercredi-au-chu-de-bogodogo\/","title":{"rendered":"Covid-19 : La vaccination lanc\u00e9e ce mercredi au CHU de Bogodogo."},"content":{"rendered":"<div class=\"td-post-featured-image\"><a href=\"https:\/\/www.sidwaya.info\/wp-content\/uploads\/2021\/06\/Vaccination-COVID-960x421-1.jpg\" data-caption=\"\"><img loading=\"lazy\" decoding=\"async\" width=\"696\" height=\"305\" class=\"entry-thumb td-modal-image\" src=\"https:\/\/www.sidwaya.info\/wp-content\/uploads\/2021\/06\/Vaccination-COVID-960x421-1-696x305.jpg\" srcset=\"https:\/\/www.sidwaya.info\/wp-content\/uploads\/2021\/06\/Vaccination-COVID-960x421-1-696x305.jpg 696w, https:\/\/www.sidwaya.info\/wp-content\/uploads\/2021\/06\/Vaccination-COVID-960x421-1-300x132.jpg 300w, https:\/\/www.sidwaya.info\/wp-content\/uploads\/2021\/06\/Vaccination-COVID-960x421-1-768x337.jpg 768w, https:\/\/www.sidwaya.info\/wp-content\/uploads\/2021\/06\/Vaccination-COVID-960x421-1-150x66.jpg 150w, https:\/\/www.sidwaya.info\/wp-content\/uploads\/2021\/06\/Vaccination-COVID-960x421-1-958x420.jpg 958w, https:\/\/www.sidwaya.info\/wp-content\/uploads\/2021\/06\/Vaccination-COVID-960x421-1.jpg 960w\" sizes=\"auto, (max-width: 696px) 100vw, 696px\" alt=\"\" title=\"Vaccination-COVID-960x421\"\/><\/a><\/div>\n<p><strong>Le Burkina Faso a commenc\u00e9 ce mercredi 2 juin 2021, la vaccination contre le Covid-19.<\/strong><\/p>\n<h6>\u00a0La vaccination contre le Covid-19 a \u00e9t\u00e9 lanc\u00e9e ce mercredi 2 juin 2021 au Centre hospitalier universitaire (CHU) de Bogodogo du secteur 52 \u00e0 Ouagadougou. Cette c\u00e9r\u00e9monie marque le d\u00e9but de la vaccination des Burkinab\u00e8 contre la maladie a coronavirus.<\/h6>\n<p>Le vaccin re\u00e7u par le Burkina est l\u2019Astrazeneca au nombre de 115 200 doses. Le Burkina a r\u00e9ceptionn\u00e9 l\u2019Astrazeneca le 30 mai 2021 et devient ainsi le 94e pays \u00e0 l\u2019avoir re\u00e7u.<\/p>\n<p>Les publics cibles qui seront vaccin\u00e9s en premier sont les agents de sant\u00e9, les personnes pouvant avoir des complications s\u00e9v\u00e8res en cas de contamination au covid-19 et les p\u00e8lerins. Chaque personne doit recevoir deux doses pour \u00eatre immunis\u00e9e contre la maladie \u00e0 coronavirus.<\/p>\n<p>En ce premier jour de vaccination certaines autorit\u00e9s ont re\u00e7u la premi\u00e8re dose du vaccin AstraZeneca. Il s\u2019agit du ministre de la sant\u00e9, Pr. Charlemagne Ou\u00e9draogo, le ministre des sports et du Loisir M. Dominique Nana et le maire de la ville de Ouagadougou, M. Armand Beouind\u00e9.<\/p>\n<p>La R\u00e9daction<\/p>\n<div class=\"td-a-rec td-a-rec-id-content_bottom tdi_33_eeb td_block_template_1\">\n<p><img loading=\"lazy\" decoding=\"async\" class=\"aligncenter size-full wp-image-27454\" src=\"https:\/\/www.sidwaya.info\/wp-content\/uploads\/2020\/10\/PUB-Bandeau-paiement-mobile-siteweb.jpg\" alt=\"\" width=\"728\" height=\"90\"\/><\/div>\n<p>Auteur: Wamini SIDWAYA<br \/>\n<a href=\"https:\/\/www.sidwaya.info\/blog\/2021\/06\/02\/covid-19-la-vaccination-lancee-ce-mercredi-au-chu-de-bogodogo\/\">Cliquez ici pour lire l&rsquo;article depuis sa source.<\/a><\/p>\n","protected":false},"excerpt":{"rendered":"<p>Le Burkina Faso a commenc\u00e9 ce mercredi 2 juin 2021, la vaccination contre le Covid-19. \u00a0La vaccination contre le Covid-19 a \u00e9t\u00e9 lanc\u00e9e ce mercredi 2 juin 2021 au Centre hospitalier universitaire (CHU) de Bogodogo du secteur 52 \u00e0 Ouagadougou. Cette c\u00e9r\u00e9monie marque le d\u00e9but de la vaccination des Burkinab\u00e8 contre la maladie a coronavirus. [&hellip;]<\/p>\n","protected":false},"author":1816,"featured_media":0,"comment_status":"closed","ping_status":"closed","sticky":false,"template":"","format":"standard","meta":{"fifu_image_url":"https:\/\/www.sidwaya.info\/wp-content\/uploads\/2021\/06\/Vaccination-COVID-960x421-1-696x305.jpg","fifu_image_alt":"Covid-19 : La vaccination lanc\u00e9e ce mercredi au CHU de Bogodogo.","footnotes":""},"categories":[73,81],"tags":[],"class_list":["post-117815","post","type-post","status-publish","format-standard","hentry","category-actualite","category-burkina-faso"],"_links":{"self":[{"href":"https:\/\/linitiative.ca\/International\/wp-json\/wp\/v2\/posts\/117815","targetHints":{"allow":["GET"]}}],"collection":[{"href":"https:\/\/linitiative.ca\/International\/wp-json\/wp\/v2\/posts"}],"about":[{"href":"https:\/\/linitiative.ca\/International\/wp-json\/wp\/v2\/types\/post"}],"author":[{"embeddable":true,"href":"https:\/\/linitiative.ca\/International\/wp-json\/wp\/v2\/users\/1816"}],"replies":[{"embeddable":true,"href":"https:\/\/linitiative.ca\/International\/wp-json\/wp\/v2\/comments?post=117815"}],"version-history":[{"count":0,"href":"https:\/\/linitiative.ca\/International\/wp-json\/wp\/v2\/posts\/117815\/revisions"}],"wp:attachment":[{"href":"https:\/\/linitiative.ca\/International\/wp-json\/wp\/v2\/media?parent=117815"}],"wp:term":[{"taxonomy":"category","embeddable":true,"href":"https:\/\/linitiative.ca\/International\/wp-json\/wp\/v2\/categories?post=117815"},{"taxonomy":"post_tag","embeddable":true,"href":"https:\/\/linitiative.ca\/International\/wp-json\/wp\/v2\/tags?post=117815"}],"curies":[{"name":"wp","href":"https:\/\/api.w.org\/{rel}","templated":true}]}}