{"id":117817,"date":"2021-06-02T06:37:57","date_gmt":"2021-06-02T10:37:57","guid":{"rendered":"https:\/\/linitiative.ca\/International\/tunisie-funerailles-de-abdessalem-jrad\/"},"modified":"2021-06-02T06:37:57","modified_gmt":"2021-06-02T10:37:57","slug":"tunisie-funerailles-de-abdessalem-jrad","status":"publish","type":"post","link":"https:\/\/linitiative.ca\/International\/tunisie-funerailles-de-abdessalem-jrad\/","title":{"rendered":"Tunisie-Fun\u00e9railles de Abdessalem Jrad"},"content":{"rendered":"<div id=\"content-main\" class=\"left relative left relative\">\n<div class=\"post-info-out\">\n<div class=\"post-info-img left relative\"><img decoding=\"async\" alt=\"\" src=\"https:\/\/secure.gravatar.com\/avatar\/9da6b3bf0e818e72397a414514f273e7?s=50&amp;d=mm&amp;r=g\" srcset=\"https:\/\/secure.gravatar.com\/avatar\/9da6b3bf0e818e72397a414514f273e7?s=100&amp;d=mm&amp;r=g 2x\" class=\"avatar avatar-50 photo\" height=\"50\" width=\"50\" loading=\"lazy\"\/><\/div>\n<div class=\"post-info-in\">\n<div class=\"post-info-right left relative post-info-name left relative\"><span><span class=\"post-info-text\">Par<\/span> <span class=\"author-name vcard fn author\"><a href=\"https:\/\/www.tunisienumerique.com\/author\/linda-megdiche\/\" title=\"Articles par Linda Megdiche\" rel=\"author\">Linda Megdiche<\/a><\/span><\/span> <span class=\"post-date updated\"><time class=\"post-date updated\" datetime=\"2021-06-02\">\u00a0| Il y a 2 heures<\/time><\/span><br \/>\n<meta itemprop=\"dateModified\" content=\"2021-06-02\"\/><\/div>\n<\/div>\n<\/div>\n<div class=\"code-block code-block-1 c4\">\n <ins class=\"adsbygoogle c3\" data-ad-layout=\"in-article\" data-ad-format=\"fluid\" data-ad-client=\"ca-pub-2102118777505746\" data-ad-slot=\"7301775417\"\/>\n<\/div>\n<p>Plusieurs syndicalistes ont \u00e9t\u00e9 pr\u00e9sents hier 1<sup>er<\/sup> juin, lors du cort\u00e8ge fun\u00e8bre de l\u2019ancien secr\u00e9taire g\u00e9n\u00e9ral de l\u2019UGTT Abdessalem Jrad .<\/p>\n<p>Le corps a \u00e9t\u00e9 port\u00e9 au si\u00e8ge de la centrale syndicale, \u00e0 la place Mohamed Ali, pour un dernier hommage, puis a \u00e9t\u00e9 inhum\u00e9e au cimeti\u00e8re d\u2019El Jellaz \u00e0 Tunis.<\/p>\n<p>Le regrett\u00e9 a retrouv\u00e9 la mort lundi 31 mai, \u00e0 l\u2019\u00e2ge de 84 ans. Il avait occup\u00e9 son poste \u00e0 la t\u00eate de l\u2019UGTT entre 2002 et 2011 avant de c\u00e9der sa place \u00e0 Houcine Abassi.<\/p>\n<p><a href=\"https:\/\/www.tunisienumerique.com\/tunisie-rached-ghannouchi-rend-hommage-a-abdessalem-jrad\/\" target=\"_blank\" rel=\"noopener\">Plusieurs personnalit\u00e9s politiques lui ont rendu hommage<\/a> tel que le pr\u00e9sident de l\u2019Assembl\u00e9e des Repr\u00e9sentants du Peuple, Rached Ghannouchi.<\/p>\n<div class=\"swp_social_panel swp_horizontal_panel swp_flat_fresh swp_default_full_color swp_individual_full_color swp_other_full_color scale-100 scale-\" data-min-width=\"1100\" data-float-color=\"#ffffff\" data-float=\"bottom\" data-float-mobile=\"bottom\" data-transition=\"slide\">\n<div class=\"nc_tweetContainer swp_share_button total_shares total_sharesalt\"><span class=\"swp_count\">0 <span class=\"swp_label\">Partages<\/span><\/span><\/div>\n<\/div>\n<p><strong>Que se passe-t-il en Tunisie?<\/strong><br \/>Nous expliquons sur notre <a href=\"https:\/\/www.youtube.com\/channel\/UCRzypVq0B_yBad5eGrwBx0Q?sub_confirmation=1\" target=\"_blank\" rel=\"noopener\">cha\u00eene YouTube<\/a> . <a href=\"https:\/\/www.youtube.com\/channel\/UCRzypVq0B_yBad5eGrwBx0Q?sub_confirmation=1\" target=\"_blank\" rel=\"noopener\">Abonnez-vous!<\/a><\/p>\n<div class=\"mvp-org-wrap\" itemprop=\"publisher\">\n<div class=\"mvp-org-logo\" itemprop=\"logo\"><img decoding=\"async\" src=\"https:\/\/www.tunisienumerique.com\/wp-content\/uploads\/2017\/02\/logo_tunisie_numerique.png\"\/><br \/>\n<meta itemprop=\"url\" content=\"https:\/\/www.tunisienumerique.com\/wp-content\/uploads\/2017\/02\/logo_tunisie_numerique.png\"\/><\/div>\n<p><meta content=\"Tunisie\"\/><\/div>\n<div class=\"mvp-related-posts left relative\">\n<h4 class=\"post-header\"><span class=\"post-header\">Lire aussi<\/span><\/h4>\n<\/div>\n<div id=\"article-ad\">\n <ins class=\"adsbygoogle c5\" data-ad-client=\"ca-pub-2102118777505746\" data-ad-slot=\"6513972734\" data-ad-format=\"auto\" data-full-width-responsive=\"true\"\/>\n<\/div>\n<\/div>\n<div id=\"post-sidebar-wrap\">\n <ins class=\"adsbygoogle c5\" data-ad-client=\"ca-pub-2102118777505746\" data-ad-slot=\"6168283410\" data-ad-format=\"auto\" data-full-width-responsive=\"true\"\/>\n<\/div>\n<p>Auteur: Linda Megdiche<br \/>\n<a href=\"https:\/\/www.tunisienumerique.com\/tunisie-funerailles-de-abdessalem-jrad\/\">Cliquez ici pour lire l&rsquo;article depuis sa source.<\/a><\/p>\n","protected":false},"excerpt":{"rendered":"<p>Par Linda Megdiche \u00a0| Il y a 2 heures Plusieurs syndicalistes ont \u00e9t\u00e9 pr\u00e9sents hier 1er juin, lors du cort\u00e8ge fun\u00e8bre de l\u2019ancien secr\u00e9taire g\u00e9n\u00e9ral de l\u2019UGTT Abdessalem Jrad . Le corps a \u00e9t\u00e9 port\u00e9 au si\u00e8ge de la centrale syndicale, \u00e0 la place Mohamed Ali, pour un dernier hommage, puis a \u00e9t\u00e9 inhum\u00e9e au [&hellip;]<\/p>\n","protected":false},"author":1789,"featured_media":0,"comment_status":"closed","ping_status":"closed","sticky":false,"template":"","format":"standard","meta":{"fifu_image_url":"https:\/\/secure.gravatar.com\/avatar\/9da6b3bf0e818e72397a414514f273e7?s=50&d=mm&r=g","fifu_image_alt":"Tunisie-Fun\u00e9railles de Abdessalem Jrad","footnotes":""},"categories":[73,55],"tags":[],"class_list":["post-117817","post","type-post","status-publish","format-standard","hentry","category-actualite","category-tunisie"],"_links":{"self":[{"href":"https:\/\/linitiative.ca\/International\/wp-json\/wp\/v2\/posts\/117817","targetHints":{"allow":["GET"]}}],"collection":[{"href":"https:\/\/linitiative.ca\/International\/wp-json\/wp\/v2\/posts"}],"about":[{"href":"https:\/\/linitiative.ca\/International\/wp-json\/wp\/v2\/types\/post"}],"author":[{"embeddable":true,"href":"https:\/\/linitiative.ca\/International\/wp-json\/wp\/v2\/users\/1789"}],"replies":[{"embeddable":true,"href":"https:\/\/linitiative.ca\/International\/wp-json\/wp\/v2\/comments?post=117817"}],"version-history":[{"count":0,"href":"https:\/\/linitiative.ca\/International\/wp-json\/wp\/v2\/posts\/117817\/revisions"}],"wp:attachment":[{"href":"https:\/\/linitiative.ca\/International\/wp-json\/wp\/v2\/media?parent=117817"}],"wp:term":[{"taxonomy":"category","embeddable":true,"href":"https:\/\/linitiative.ca\/International\/wp-json\/wp\/v2\/categories?post=117817"},{"taxonomy":"post_tag","embeddable":true,"href":"https:\/\/linitiative.ca\/International\/wp-json\/wp\/v2\/tags?post=117817"}],"curies":[{"name":"wp","href":"https:\/\/api.w.org\/{rel}","templated":true}]}}