{"id":117818,"date":"2021-06-02T07:18:02","date_gmt":"2021-06-02T11:18:02","guid":{"rendered":"https:\/\/linitiative.ca\/International\/nigeria-un-fils-de-lex-president-babangida-sort-indemne-dun-grave-accident\/"},"modified":"2021-06-02T07:18:02","modified_gmt":"2021-06-02T11:18:02","slug":"nigeria-un-fils-de-lex-president-babangida-sort-indemne-dun-grave-accident","status":"publish","type":"post","link":"https:\/\/linitiative.ca\/International\/nigeria-un-fils-de-lex-president-babangida-sort-indemne-dun-grave-accident\/","title":{"rendered":"Nigeria : un fils de l\u2019ex-pr\u00e9sident Babangida sort indemne d\u2019un grave accident"},"content":{"rendered":"<div readability=\"32\">\n<p>Publi\u00e9 le 02.06.2021 \u00e0 12h18 par APA News<\/p>\n<\/div>\n<div readability=\"50\">\n<p>Mohammed Babangida, le fils de l\u2019ancien dirigeant militaire nig\u00e9rian, Ibrahim Babangida, a surv\u00e9cu \u00e0 un tr\u00e8s grave accident de la circulation, qui a co\u00fbt\u00e9 la vie \u00e0 trois soldats, a appris APA mercredi.Le fils de l\u2019ex-pr\u00e9sident se trouvait dans un bus Honda Space qui se rendait \u00e0 Abuja en provenance de Minna, la ville natale de Babaginda, lorsque son v\u00e9hicule de s\u00e9curit\u00e9 qui se trouvait devant lui a percut\u00e9 un camion qui venait en sens inverse. Le camion articul\u00e9 \u00e9tait charg\u00e9 de tomates.<\/p>\n<p>Mohammed Babangida \u00e9tait en compagnie d\u2019autres membres de la famille qui s\u2019en \u00e9taient apparemment sortis indemnes, ont d\u00e9clar\u00e9 des t\u00e9moins. Trois d\u2019entre les soldats qui assuraient l\u2019escorte et qui se trouvaient dans le 4\u00d74 Prado plac\u00e9s \u00e0 l\u2019avant du bus sont morts sur le coup.<\/p>\n<p>Un quatri\u00e8me soldat serait gri\u00e8vement bless\u00e9 et serait soign\u00e9 \u00e0 l\u2019h\u00f4pital national d\u2019Abuja. Le p\u00e8re de Mohammed Babangida a dirig\u00e9 le Nigeria entre 1985 et 1993.<\/p>\n<\/div>\n<p>Auteur: APA News<br \/>\n<a href=\"https:\/\/www.journalducameroun.com\/nigeria-un-fils-de-lex-president-babangida-sort-indemne-dun-grave-accident\/\">Cliquez ici pour lire l&rsquo;article depuis sa source.<\/a><\/p>\n","protected":false},"excerpt":{"rendered":"<p>Publi\u00e9 le 02.06.2021 \u00e0 12h18 par APA News Mohammed Babangida, le fils de l\u2019ancien dirigeant militaire nig\u00e9rian, Ibrahim Babangida, a surv\u00e9cu \u00e0 un tr\u00e8s grave accident de la circulation, qui a co\u00fbt\u00e9 la vie \u00e0 trois soldats, a appris APA mercredi.Le fils de l\u2019ex-pr\u00e9sident se trouvait dans un bus Honda Space qui se rendait \u00e0 [&hellip;]<\/p>\n","protected":false},"author":1965,"featured_media":0,"comment_status":"closed","ping_status":"closed","sticky":false,"template":"","format":"standard","meta":{"fifu_image_url":"","fifu_image_alt":"","footnotes":""},"categories":[73,82],"tags":[],"class_list":["post-117818","post","type-post","status-publish","format-standard","hentry","category-actualite","category-cameroun"],"_links":{"self":[{"href":"https:\/\/linitiative.ca\/International\/wp-json\/wp\/v2\/posts\/117818","targetHints":{"allow":["GET"]}}],"collection":[{"href":"https:\/\/linitiative.ca\/International\/wp-json\/wp\/v2\/posts"}],"about":[{"href":"https:\/\/linitiative.ca\/International\/wp-json\/wp\/v2\/types\/post"}],"author":[{"embeddable":true,"href":"https:\/\/linitiative.ca\/International\/wp-json\/wp\/v2\/users\/1965"}],"replies":[{"embeddable":true,"href":"https:\/\/linitiative.ca\/International\/wp-json\/wp\/v2\/comments?post=117818"}],"version-history":[{"count":0,"href":"https:\/\/linitiative.ca\/International\/wp-json\/wp\/v2\/posts\/117818\/revisions"}],"wp:attachment":[{"href":"https:\/\/linitiative.ca\/International\/wp-json\/wp\/v2\/media?parent=117818"}],"wp:term":[{"taxonomy":"category","embeddable":true,"href":"https:\/\/linitiative.ca\/International\/wp-json\/wp\/v2\/categories?post=117818"},{"taxonomy":"post_tag","embeddable":true,"href":"https:\/\/linitiative.ca\/International\/wp-json\/wp\/v2\/tags?post=117818"}],"curies":[{"name":"wp","href":"https:\/\/api.w.org\/{rel}","templated":true}]}}