{"id":117819,"date":"2021-06-02T07:04:17","date_gmt":"2021-06-02T11:04:17","guid":{"rendered":"https:\/\/linitiative.ca\/International\/tunisie-demission-de-mohamed-ammar-la-version-du-parti\/"},"modified":"2021-06-02T07:04:17","modified_gmt":"2021-06-02T11:04:17","slug":"tunisie-demission-de-mohamed-ammar-la-version-du-parti","status":"publish","type":"post","link":"https:\/\/linitiative.ca\/International\/tunisie-demission-de-mohamed-ammar-la-version-du-parti\/","title":{"rendered":"Tunisie-D\u00e9mission de Mohamed  Ammar: La version du parti"},"content":{"rendered":"<div id=\"content-main\" class=\"left relative left relative\">\n<div class=\"post-info-out\">\n<div class=\"post-info-img left relative\"><img decoding=\"async\" alt=\"\" src=\"https:\/\/secure.gravatar.com\/avatar\/617b7c38e84f7dd4cedc307191ba635d?s=50&amp;d=mm&amp;r=g\" srcset=\"https:\/\/secure.gravatar.com\/avatar\/617b7c38e84f7dd4cedc307191ba635d?s=100&amp;d=mm&amp;r=g 2x\" class=\"avatar avatar-50 photo\" height=\"50\" width=\"50\" loading=\"lazy\"\/><\/div>\n<div class=\"post-info-in\">\n<div class=\"post-info-right left relative post-info-name left relative\"><span><span class=\"post-info-text\">Par<\/span> <span class=\"author-name vcard fn author\"><a href=\"https:\/\/www.tunisienumerique.com\/author\/dodo\/\" title=\"Articles par D .\" rel=\"author\">D .<\/a><\/span><\/span> <span class=\"post-date updated\"><time class=\"post-date updated\" datetime=\"2021-06-02\">\u00a0| Il y a 1 heure<\/time><\/span><br \/>\n<meta itemprop=\"dateModified\" content=\"2021-06-02\"\/><\/div>\n<\/div>\n<\/div>\n<div class=\"code-block code-block-1 c4\">\n <ins class=\"adsbygoogle c3\" data-ad-layout=\"in-article\" data-ad-format=\"fluid\" data-ad-client=\"ca-pub-2102118777505746\" data-ad-slot=\"7301775417\"\/>\n<\/div>\n<p>Commentant les derni\u00e8res d\u00e9clarations du secr\u00e9taire g\u00e9n\u00e9ral du Courant D\u00e9mocrate Ghazi Chaouachi, Tunisie num\u00e9rique a essay\u00e9 d\u2019apporter des \u00e9claircissements sur le sujet.<\/p>\n<p>En effet, une source bien inform\u00e9e a confi\u00e9 \u00e0 Tunisie num\u00e9rique que ce dossier constitue une affaire interne ajoutant, par la m\u00eame occasion, que les d\u00e9put\u00e9s affili\u00e9s au parti n\u2019\u00e9voqueront pas le sujet dans les m\u00e9dias.<\/p>\n<p>Elle a ajout\u00e9 qu\u2019au cas o\u00f9 il y aurait une nouvelle donne, le parti s\u2019exprimera via un communiqu\u00e9 officiel.<\/p>\n<p>Rappelons que Ghazi Chaouachi a annonc\u00e9, dans une interview accord\u00e9e au journal Le Maghreb que <a href=\"https:\/\/www.tunisienumerique.com\/tunisie-courant-democrate-un-nouveau-president-du-bloc-parlementaire\/\" target=\"_blank\" rel=\"noopener\">le bureau politique du parti a appel\u00e9 le pr\u00e9sident du bloc Mohamed Ammar \u00e0 d\u00e9missionner<\/a> et ce, en raison du non-respect de la discipline partisane.<\/p>\n<div class=\"swp_social_panel swp_horizontal_panel swp_flat_fresh swp_default_full_color swp_individual_full_color swp_other_full_color scale-100 scale-\" data-min-width=\"1100\" data-float-color=\"#ffffff\" data-float=\"bottom\" data-float-mobile=\"bottom\" data-transition=\"slide\">\n<div class=\"nc_tweetContainer swp_share_button total_shares total_sharesalt\"><span class=\"swp_count\">0 <span class=\"swp_label\">Partages<\/span><\/span><\/div>\n<\/div>\n<p><strong>Que se passe-t-il en Tunisie?<\/strong><br \/>Nous expliquons sur notre <a href=\"https:\/\/www.youtube.com\/channel\/UCRzypVq0B_yBad5eGrwBx0Q?sub_confirmation=1\" target=\"_blank\" rel=\"noopener\">cha\u00eene YouTube<\/a> . <a href=\"https:\/\/www.youtube.com\/channel\/UCRzypVq0B_yBad5eGrwBx0Q?sub_confirmation=1\" target=\"_blank\" rel=\"noopener\">Abonnez-vous!<\/a><\/p>\n<div class=\"mvp-org-wrap\" itemprop=\"publisher\">\n<div class=\"mvp-org-logo\" itemprop=\"logo\"><img decoding=\"async\" src=\"https:\/\/www.tunisienumerique.com\/wp-content\/uploads\/2017\/02\/logo_tunisie_numerique.png\"\/><br \/>\n<meta itemprop=\"url\" content=\"https:\/\/www.tunisienumerique.com\/wp-content\/uploads\/2017\/02\/logo_tunisie_numerique.png\"\/><\/div>\n<p><meta content=\"Tunisie\"\/><\/div>\n<div class=\"mvp-related-posts left relative\">\n<h4 class=\"post-header\"><span class=\"post-header\">Lire aussi<\/span><\/h4>\n<\/div>\n<div id=\"article-ad\">\n <ins class=\"adsbygoogle c5\" data-ad-client=\"ca-pub-2102118777505746\" data-ad-slot=\"6513972734\" data-ad-format=\"auto\" data-full-width-responsive=\"true\"\/>\n<\/div>\n<\/div>\n<div id=\"post-sidebar-wrap\">\n <ins class=\"adsbygoogle c5\" data-ad-client=\"ca-pub-2102118777505746\" data-ad-slot=\"6168283410\" data-ad-format=\"auto\" data-full-width-responsive=\"true\"\/>\n<\/div>\n<p>Auteur: D .<br \/>\n<a href=\"https:\/\/www.tunisienumerique.com\/tunisie-demission-de-mohamed-la-version-du-parti\/\">Cliquez ici pour lire l&rsquo;article depuis sa source.<\/a><\/p>\n","protected":false},"excerpt":{"rendered":"<p>Par D . \u00a0| Il y a 1 heure Commentant les derni\u00e8res d\u00e9clarations du secr\u00e9taire g\u00e9n\u00e9ral du Courant D\u00e9mocrate Ghazi Chaouachi, Tunisie num\u00e9rique a essay\u00e9 d\u2019apporter des \u00e9claircissements sur le sujet. En effet, une source bien inform\u00e9e a confi\u00e9 \u00e0 Tunisie num\u00e9rique que ce dossier constitue une affaire interne ajoutant, par la m\u00eame occasion, que [&hellip;]<\/p>\n","protected":false},"author":1789,"featured_media":0,"comment_status":"closed","ping_status":"closed","sticky":false,"template":"","format":"standard","meta":{"fifu_image_url":"https:\/\/secure.gravatar.com\/avatar\/617b7c38e84f7dd4cedc307191ba635d?s=50&d=mm&r=g","fifu_image_alt":"Tunisie-D\u00e9mission de Mohamed  Ammar: La version du parti","footnotes":""},"categories":[73,55],"tags":[],"class_list":["post-117819","post","type-post","status-publish","format-standard","hentry","category-actualite","category-tunisie"],"_links":{"self":[{"href":"https:\/\/linitiative.ca\/International\/wp-json\/wp\/v2\/posts\/117819","targetHints":{"allow":["GET"]}}],"collection":[{"href":"https:\/\/linitiative.ca\/International\/wp-json\/wp\/v2\/posts"}],"about":[{"href":"https:\/\/linitiative.ca\/International\/wp-json\/wp\/v2\/types\/post"}],"author":[{"embeddable":true,"href":"https:\/\/linitiative.ca\/International\/wp-json\/wp\/v2\/users\/1789"}],"replies":[{"embeddable":true,"href":"https:\/\/linitiative.ca\/International\/wp-json\/wp\/v2\/comments?post=117819"}],"version-history":[{"count":0,"href":"https:\/\/linitiative.ca\/International\/wp-json\/wp\/v2\/posts\/117819\/revisions"}],"wp:attachment":[{"href":"https:\/\/linitiative.ca\/International\/wp-json\/wp\/v2\/media?parent=117819"}],"wp:term":[{"taxonomy":"category","embeddable":true,"href":"https:\/\/linitiative.ca\/International\/wp-json\/wp\/v2\/categories?post=117819"},{"taxonomy":"post_tag","embeddable":true,"href":"https:\/\/linitiative.ca\/International\/wp-json\/wp\/v2\/tags?post=117819"}],"curies":[{"name":"wp","href":"https:\/\/api.w.org\/{rel}","templated":true}]}}