{"id":117821,"date":"2021-06-02T04:34:41","date_gmt":"2021-06-02T08:34:41","guid":{"rendered":"https:\/\/linitiative.ca\/International\/hausse-de-1-de-lipc-au-cours-du-mois-davril-dernier\/"},"modified":"2021-06-02T04:34:41","modified_gmt":"2021-06-02T08:34:41","slug":"hausse-de-1-de-lipc-au-cours-du-mois-davril-dernier","status":"publish","type":"post","link":"https:\/\/linitiative.ca\/International\/hausse-de-1-de-lipc-au-cours-du-mois-davril-dernier\/","title":{"rendered":"Hausse de 1% de l\u2019IPC au cours du mois d\u2019avril dernier"},"content":{"rendered":"<div readability=\"39\">\n<p>Marrakech \u2013 L\u2019indice des prix \u00e0 la consommation (IPC) a connu au cours du mois d\u2019avril dernier, dans la ville de Marrakech, une hausse de 1% par rapport au mois pr\u00e9c\u00e9dent, en passant de 102,5 \u00e0 103,5.<\/p>\n<\/div>\n<div readability=\"163\">\n<p>Cette variation est le r\u00e9sultat d\u2019une hausse de 2,4% de l\u2019indice des produits alimentaires et de 0,1% de l\u2019indice des produits non alimentaires, a indiqu\u00e9 la Direction R\u00e9gionale du Haut Commissariat au Plan (HCP) \u00e0 Marrakech-Safi dans sa note de synth\u00e8se sur l\u2019\u00e9volution de l\u2019IPC dans la ville de Marrakech entre mars et avril 2021.<\/p>\n<p>Compar\u00e9 au m\u00eame mois de l\u2019ann\u00e9e pr\u00e9c\u00e9dente, l\u2019IPC du mois d\u2019avril 2021 dans la ville de Marrakech, a enregistr\u00e9 une hausse de 1,3% en passant de 102,2 \u00e0 103,5, cons\u00e9quence de la hausse de l\u2019indice des produits non alimentaires de 2,8% et de la baisse de celui des produits alimentaires de 0,7%, pr\u00e9cise la m\u00eame source.<\/p>\n<p>Et d\u2019ajouter que les principales hausses de l\u2019indice des produits non alimentaires ont concern\u00e9 le \u00ab\u00a0Transport\u00a0\u00bb avec 9,3%, l\u2019\u00a0\u00bbHabillement et chaussures\u00a0\u00bb, avec 6,8% et \u00ab\u00a0l\u2019enseignement\u00a0\u00bb, avec 6,6%.<\/p>\n<p>Pour ce qui est de l\u2019indice des quatre premiers mois de 2021, il a connu une baisse de 0,2% par rapport \u00e0 la m\u00eame p\u00e9riode de 2020, en passant de 102,3 \u00e0 102,5, lit-on dans le document.<\/p>\n<p>Les variations des indices des produits non alimentaires observ\u00e9es entre mars et avril 2021 touchent principalement les divisions de \u00ab\u00a0Meubles, Articles de m\u00e9nage et entretien courant du foyer\u00a0\u00bb, des \u00ab\u00a0Articles d\u2019habillement et chaussures\u00a0\u00bb et de \u00ab\u00a0Transport\u00a0\u00bb avec une hausse de 1%, 0,2%, et 0,1% respectivement.<\/p>\n<p>Les indices des classes alimentaires ont enregistr\u00e9 entre mars et avril 2021, une hausse notamment pour les prix des \u00ab\u00a0Fruits\u00a0\u00bb avec 10%, des \u00ab\u00a0Poissons et Fruits de mer\u00a0\u00bb avec 8 ,6%, des \u00ab\u00a0L\u00e9gumes\u00a0\u00bb avec 6,3%, des \u00ab\u00a0Viandes\u00a0\u00bb avec 3,1%, du \u00ab\u00a0Pain et c\u00e9r\u00e9ales\u00a0\u00bb avec 0,3% et des \u00ab\u00a0Graisses et huiles\u00a0\u00bb, \u00ab\u00a0Lait, fromage et \u0153ufs\u00a0\u00bb avec 0,2%, pr\u00e9cise-t-on de m\u00eame source, notant que les prix ont, en revanche, diminu\u00e9 de 0,2% pour les \u00ab\u00a0sucre, confiture, miel, chocolat et confiserie\u00a0\u00bb.<\/p>\n<p>Au niveau national, l\u2019IPC a connu, au cours du mois d\u2019avril dernier, une hausse de 1,2% par rapport au mois pr\u00e9c\u00e9dent, indique la m\u00eame source, faisant savoir que cette variation est le r\u00e9sultat de la hausse de 3% de l\u2019indice des produits alimentaires, et de 0,1% de l\u2019indice des produits non alimentaires.<\/p>\n<p>Les hausses des produits alimentaires observ\u00e9es entre mars et avril 2021 concernent, principalement, les \u00ab\u00a0Fruits\u00a0\u00bb avec 16,1%, les \u00ab\u00a0Poissons et fruits de mer\u00a0\u00bb avec 7,4%, les \u00ab\u00a0l\u00e9gumes\u00a0\u00bb avec 4,4%, les \u00ab\u00a0Viandes\u00a0\u00bb avec 2,9%, le \u00ab\u00a0lait, fromage et \u0153ufs\u00a0\u00bb avec 0,6% et les \u00ab\u00a0huiles et graisses\u00a0\u00bb avec 0,2%.<\/p>\n<p>Et de conclure que pour les produits non alimentaires, la variation a concern\u00e9 principalement la baisse des prix des \u00ab\u00a0Carburants\u00a0\u00bb avec 0,9%.<\/p>\n<p>Les hausses les plus importantes de l\u2019IPC ont \u00e9t\u00e9 enregistr\u00e9es \u00e0 Al Hoce\u00efma avec 2,6%, \u00e0 Oujda avec 2,1%, \u00e0 F\u00e8s avec 1,7%, \u00e0 Gu\u00e9lmim et Beni Mellal avec 1,5%, \u00e0 Tanger et Safi avec 1,4%, \u00e0 Rabat et La\u00e2youne avec 1,2%, \u00e0 Casablanca et Errachidia avec 1,1%, et \u00e0 K\u00e9nitra et Marrakech avec 1,0%.<\/p>\n<\/div>\n<p>Auteur: Meriem IGASS<br \/>\n<a href=\"http:\/\/www.mapmarrakech.ma\/fr\/hausse-de-1-de-lipc-au-cours-du-mois-davril-dernier\/\">Cliquez ici pour lire l&rsquo;article depuis sa source.<\/a><\/p>\n","protected":false},"excerpt":{"rendered":"<p>Marrakech \u2013 L\u2019indice des prix \u00e0 la consommation (IPC) a connu au cours du mois d\u2019avril dernier, dans la ville de Marrakech, une hausse de 1% par rapport au mois pr\u00e9c\u00e9dent, en passant de 102,5 \u00e0 103,5. Cette variation est le r\u00e9sultat d\u2019une hausse de 2,4% de l\u2019indice des produits alimentaires et de 0,1% de [&hellip;]<\/p>\n","protected":false},"author":1788,"featured_media":0,"comment_status":"closed","ping_status":"closed","sticky":false,"template":"","format":"standard","meta":{"fifu_image_url":"","fifu_image_alt":"","footnotes":""},"categories":[54,76],"tags":[],"class_list":["post-117821","post","type-post","status-publish","format-standard","hentry","category-maroc","category-regions"],"_links":{"self":[{"href":"https:\/\/linitiative.ca\/International\/wp-json\/wp\/v2\/posts\/117821","targetHints":{"allow":["GET"]}}],"collection":[{"href":"https:\/\/linitiative.ca\/International\/wp-json\/wp\/v2\/posts"}],"about":[{"href":"https:\/\/linitiative.ca\/International\/wp-json\/wp\/v2\/types\/post"}],"author":[{"embeddable":true,"href":"https:\/\/linitiative.ca\/International\/wp-json\/wp\/v2\/users\/1788"}],"replies":[{"embeddable":true,"href":"https:\/\/linitiative.ca\/International\/wp-json\/wp\/v2\/comments?post=117821"}],"version-history":[{"count":0,"href":"https:\/\/linitiative.ca\/International\/wp-json\/wp\/v2\/posts\/117821\/revisions"}],"wp:attachment":[{"href":"https:\/\/linitiative.ca\/International\/wp-json\/wp\/v2\/media?parent=117821"}],"wp:term":[{"taxonomy":"category","embeddable":true,"href":"https:\/\/linitiative.ca\/International\/wp-json\/wp\/v2\/categories?post=117821"},{"taxonomy":"post_tag","embeddable":true,"href":"https:\/\/linitiative.ca\/International\/wp-json\/wp\/v2\/tags?post=117821"}],"curies":[{"name":"wp","href":"https:\/\/api.w.org\/{rel}","templated":true}]}}