{"id":117823,"date":"2021-06-02T06:30:46","date_gmt":"2021-06-02T10:30:46","guid":{"rendered":"https:\/\/linitiative.ca\/International\/faycal-laaraichi-le-succes-du-rebond-futuriste-des-medias-publics-depend-dun-contrat-programme-clair-avec-le-gouvernement\/"},"modified":"2021-06-02T06:30:46","modified_gmt":"2021-06-02T10:30:46","slug":"faycal-laaraichi-le-succes-du-rebond-futuriste-des-medias-publics-depend-dun-contrat-programme-clair-avec-le-gouvernement","status":"publish","type":"post","link":"https:\/\/linitiative.ca\/International\/faycal-laaraichi-le-succes-du-rebond-futuriste-des-medias-publics-depend-dun-contrat-programme-clair-avec-le-gouvernement\/","title":{"rendered":"Fay\u00e7al La\u00e2ra\u00efchi : \u00abLe succ\u00e8s du rebond futuriste des m\u00e9dias publics d\u00e9pend d\u2019un contrat-programme clair avec le gouvernement\u00bb"},"content":{"rendered":"<p><strong>La Commission de l\u2019enseignement, de la culture et de la communication \u00e0 la Chambre des repr\u00e9sentants a tenu mardi une r\u00e9union consacr\u00e9e \u00e0 la discussion de \u00ab\u00a0la strat\u00e9gie du d\u00e9veloppement de l\u2019audiovisuel public\u00a0\u00bb, en pr\u00e9sence du ministre de la Culture, de la Jeunesse et des Sports, Othman El Ferdaous et du PDG de la SNRT, Fay\u00e7al La\u00e2ra\u00efchi.<\/strong><\/p>\n<div class=\"c10\">\n<\/div>\n<p>Lors de la r\u00e9union de la commission de l\u2019enseignement, de la culture et de la communication \u00e0 la Chambre des d\u00e9put\u00e9s, tenue mardi 1er juin 2021 et consacr\u00e9e au compl\u00e9ment de l\u2019examen des dossiers du p\u00f4le audiovisuel public, le pr\u00e9sident-directeur g\u00e9n\u00e9ral de la Soci\u00e9t\u00e9 Nationale de Radiodiffusion et de T\u00e9l\u00e9vision (SNRT), Fay\u00e7al La\u00e2ra\u00efchi, a soulign\u00e9 que le succ\u00e8s du rebond futuriste attendu de la nouvelle transformation dans les m\u00e9dias audiovisuels publics est alternatif \u00e0 la conclusion d\u2019un contrat-programme avec le gouvernement. Un contrat clair, de moyen ou long-terme et modifiable tout en offrant les ressources financi\u00e8res r\u00e9elles pour mettre cette vision en \u0153uvre. L\u2019intervenant n\u2019a pas manqu\u00e9 de rappeler que la veille de la SNRT pour mettre en pratique les obligations, pr\u00e9vues dans le cahier de charges de 2012 malgr\u00e9 l\u2019inexistence d\u2019un contrat-programme du gouvernement tel que pr\u00e9vu par la loi 03-77 relative \u00e0 la communication audiovisuelle, a fort impact\u00e9 la strat\u00e9gie de travail. A l\u2019approche de tout nouvel exercice, la Soci\u00e9t\u00e9 Nationale se posait constamment la question sur l\u2019essence du montant de ses recettes pour conna\u00eetre les projets d\u2019investissement auxquels elle a adh\u00e9r\u00e9.<\/p>\n<p><strong>Lire aussi | <a href=\"https:\/\/www.challenge.ma\/armement-le-maroc-3eme-plus-gros-client-de-la-france-en-2020-rapport-186679\/\" target=\"_blank\" rel=\"noreferrer noopener\">Armement : le Maroc, 3\u00e8me plus gros client de la France en 2020 [Rapport]<\/a><\/strong><\/p>\n<p>Fay\u00e7al La\u00e2ra\u00efchi a ajout\u00e9 qu\u2019en d\u00e9pit de cette situation inad\u00e9quate, les gestionnaires de la SNRT ne se sont pas mis \u00e0 se plaindre publiquement. Plut\u00f4t, ils ont constamment veill\u00e9 \u00e0 offrir le meilleur d\u2019eux-m\u00eames malgr\u00e9 les contraintes. Dans ce sens, il a rappel\u00e9 que le budget consacr\u00e9 \u00e0 la SNRT n\u2019a pas chang\u00e9 depuis 10 ans. Par ailleurs, il a partag\u00e9 l\u2019avis des parlementaires \u00e0 propos de la n\u00e9cessit\u00e9 de revoir les lois. L\u2019objectif \u00e9tant d\u2019ouvrir voire \u00e9largir les marges d\u2019initiative, de prise de d\u00e9cision et d\u2019innovation et non de rigueur. Le tout sur la base de l\u2019\u00e9valuation post\u00e9rieure et la reddition des comptes. En interaction avec les d\u00e9put\u00e9s \u00e0 propos de la situation des \u00ab contractants non-titularis\u00e9s \u00bb, le PDG a expliqu\u00e9 que cette qualification est ambigu\u00eb et irr\u00e9elle, puisque que la cat\u00e9gorie concern\u00e9e est li\u00e9e \u00e0 la SNRT par des contrats commerciaux et non de travail. H\u00e9las, ils ne peuvent \u00eatre directement embauch\u00e9s. Le seul moyen de recrutement \u00e0 la SNRT, \u00e0 l\u2019instar des autres institutions publiques, \u00e9tant les concours qui demeurent ouverts \u00e0 cette cat\u00e9gorie dans le cadre de l\u2019\u00e9galit\u00e9 des chances. En outre, Fay\u00e7al La\u00e2ra\u00efchi a r\u00e9it\u00e9r\u00e9 que l\u2019une des questions essentielles actuellement concerne l\u2019offre faite aux jeunes. Il est impossible, pour lui, de penser aux offres pr\u00e9sente et future du service m\u00e9diatique public sans r\u00e9fl\u00e9chir \u00e0 l\u2019offre qui sera faite aux jeunes. En pleine croissance des nouveaux modes de consommation et leur mondialisation, la seule option serait de cr\u00e9er un produit marocain grandiose en termes de qualit\u00e9 et de quantit\u00e9 pour \u00eatre destin\u00e9, de par ses contenus, \u00e0 toutes les cat\u00e9gories. La contribution \u00e0 la r\u00e9flexion imm\u00e9diate et forte pour offrir ce produit est l\u2019affaire de tous.<\/p>\n<p><strong>Lire aussi | <a href=\"https:\/\/www.challenge.ma\/le-geant-suedois-trelleborg-plante-son-etendard-au-maroc-186044\/\" target=\"_blank\" rel=\"noreferrer noopener\">Le g\u00e9ant su\u00e9dois Trelleborg plante son \u00e9tendard au Maroc<\/a><\/strong><\/p>\n<p>Le PDG a \u00e9galement \u00e9voqu\u00e9 la revendication de substituer les produits internationaux par les nationaux. Dans ce sens, il a soulign\u00e9 que cette ambition est partag\u00e9e par tous. Une ambition au quotidien pour les gestionnaires. Cependant, la mise \u00e0 disposition des ressources demeure un d\u00e9bouch\u00e9 parce que la production d\u2019une \u0153uvre dramatique de 365 \u00e9pisodes pour \u00eatre diffus\u00e9s chaque jour au fil de l\u2019ann\u00e9e exige au moins 100 millions DH par feuilleton. Dans la situation actuelle, le montant global r\u00e9serv\u00e9 par an aux productions nationales et \u00e0 toutes les cha\u00eenes t\u00e9l\u00e9vis\u00e9es nationales ne d\u00e9passe pas 350 millions DH. Pour rappel, Fai\u00e7al La\u00e2ra\u00efchi a r\u00e9v\u00e9l\u00e9, \u00e0 l\u2019issue de cette r\u00e9union, des nouveaut\u00e9s concernant l\u2019int\u00e9r\u00eat aux sports des quartiers et \u00e0 l\u2019accompagnement m\u00e9diatique des initiatives sportives des jeunes en concr\u00e9tisation du principe des m\u00e9dias de proximit\u00e9. A cette occasion, il a annonc\u00e9 que la d\u00e9cision d\u2019arr\u00eater les rediffusions sur \u00ab Arriyadia \u00bb en matin\u00e9e a \u00e9t\u00e9 prise. Ainsi, ces nouveaux programmes seront diffus\u00e9s en cette partie de journ\u00e9e \u00e0 compter des semaines \u00e0 venir.<\/p>\n<p>Auteur: challenge<br \/>\n<a href=\"https:\/\/www.challenge.ma\/faycal-laaraichi-le-succes-du-rebond-futuriste-des-medias-publics-depend-dun-contrat-programme-clair-avec-le-gouvernement-186689\/\">Cliquez ici pour lire l&rsquo;article depuis sa source.<\/a><\/p>\n","protected":false},"excerpt":{"rendered":"<p>La Commission de l\u2019enseignement, de la culture et de la communication \u00e0 la Chambre des repr\u00e9sentants a tenu mardi une r\u00e9union consacr\u00e9e \u00e0 la discussion de \u00ab\u00a0la strat\u00e9gie du d\u00e9veloppement de l\u2019audiovisuel public\u00a0\u00bb, en pr\u00e9sence du ministre de la Culture, de la Jeunesse et des Sports, Othman El Ferdaous et du PDG de la SNRT, [&hellip;]<\/p>\n","protected":false},"author":1787,"featured_media":0,"comment_status":"closed","ping_status":"closed","sticky":false,"template":"","format":"standard","meta":{"fifu_image_url":"","fifu_image_alt":"","footnotes":""},"categories":[78,54],"tags":[],"class_list":["post-117823","post","type-post","status-publish","format-standard","hentry","category-economie","category-maroc"],"_links":{"self":[{"href":"https:\/\/linitiative.ca\/International\/wp-json\/wp\/v2\/posts\/117823","targetHints":{"allow":["GET"]}}],"collection":[{"href":"https:\/\/linitiative.ca\/International\/wp-json\/wp\/v2\/posts"}],"about":[{"href":"https:\/\/linitiative.ca\/International\/wp-json\/wp\/v2\/types\/post"}],"author":[{"embeddable":true,"href":"https:\/\/linitiative.ca\/International\/wp-json\/wp\/v2\/users\/1787"}],"replies":[{"embeddable":true,"href":"https:\/\/linitiative.ca\/International\/wp-json\/wp\/v2\/comments?post=117823"}],"version-history":[{"count":0,"href":"https:\/\/linitiative.ca\/International\/wp-json\/wp\/v2\/posts\/117823\/revisions"}],"wp:attachment":[{"href":"https:\/\/linitiative.ca\/International\/wp-json\/wp\/v2\/media?parent=117823"}],"wp:term":[{"taxonomy":"category","embeddable":true,"href":"https:\/\/linitiative.ca\/International\/wp-json\/wp\/v2\/categories?post=117823"},{"taxonomy":"post_tag","embeddable":true,"href":"https:\/\/linitiative.ca\/International\/wp-json\/wp\/v2\/tags?post=117823"}],"curies":[{"name":"wp","href":"https:\/\/api.w.org\/{rel}","templated":true}]}}