{"id":117824,"date":"2021-06-02T07:25:12","date_gmt":"2021-06-02T11:25:12","guid":{"rendered":"https:\/\/linitiative.ca\/International\/tunisie-une-nouvelle-nomination-au-sein-de-lalliance-nationale-tunisienne\/"},"modified":"2021-06-02T07:25:12","modified_gmt":"2021-06-02T11:25:12","slug":"tunisie-une-nouvelle-nomination-au-sein-de-lalliance-nationale-tunisienne","status":"publish","type":"post","link":"https:\/\/linitiative.ca\/International\/tunisie-une-nouvelle-nomination-au-sein-de-lalliance-nationale-tunisienne\/","title":{"rendered":"Tunisie: Une nouvelle nomination au sein de l\u2019Alliance nationale tunisienne"},"content":{"rendered":"<div id=\"content-main\" class=\"left relative left relative\">\n<div class=\"post-info-out\">\n<div class=\"post-info-img left relative\"><img decoding=\"async\" alt=\"\" src=\"https:\/\/secure.gravatar.com\/avatar\/617b7c38e84f7dd4cedc307191ba635d?s=50&amp;d=mm&amp;r=g\" srcset=\"https:\/\/secure.gravatar.com\/avatar\/617b7c38e84f7dd4cedc307191ba635d?s=100&amp;d=mm&amp;r=g 2x\" class=\"avatar avatar-50 photo\" height=\"50\" width=\"50\" loading=\"lazy\"\/><\/div>\n<div class=\"post-info-in\">\n<div class=\"post-info-right left relative post-info-name left relative\"><span><span class=\"post-info-text\">Par<\/span> <span class=\"author-name vcard fn author\"><a href=\"https:\/\/www.tunisienumerique.com\/author\/dodo\/\" title=\"Articles par D .\" rel=\"author\">D .<\/a><\/span><\/span> <span class=\"post-date updated\"><time class=\"post-date updated\" datetime=\"2021-06-02\">\u00a0| Il y a 1 heure<\/time><\/span><br \/>\n<meta itemprop=\"dateModified\" content=\"2021-06-02\"\/><\/div>\n<\/div>\n<\/div>\n<div class=\"code-block code-block-1 c4\">\n <ins class=\"adsbygoogle c3\" data-ad-layout=\"in-article\" data-ad-format=\"fluid\" data-ad-client=\"ca-pub-2102118777505746\" data-ad-slot=\"7301775417\"\/>\n<\/div>\n<p>L\u2019Alliance nationale Tunisienne ( connue aussi sous le nom de Coalition nationale tunisienne) a annonc\u00e9, dans un communiqu\u00e9 publi\u00e9 sur sa page officielle, la nomination de Jaloul Hamrouni au poste de directeur ex\u00e9cutif du parti.<\/p>\n<p>Selon la m\u00eame source, Hamrouni est titulaire d\u2019un doctorat en \u00e9conomie de l\u2019Universit\u00e9 de Paris. Il a ainsi travaill\u00e9 pendant deux ans en tant que consultant aupr\u00e8s des Nations Unies.<\/p>\n<p>Le parti a ainsi mis l\u2019accent sur les comp\u00e9tences du nouveau responsable en mati\u00e8re de leadership ainsi que l\u2019administration publique et la planification strat\u00e9gique.<\/p>\n<p><img decoding=\"async\" loading=\"lazy\" class=\"alignnone size-full wp-image-668019\" src=\"https:\/\/www.tunisienumerique.com\/wp-content\/uploads\/2021\/06\/alliance-comm.jpg\" alt=\"\" width=\"487\" height=\"390\"\/><\/p>\n<div class=\"swp_social_panel swp_horizontal_panel swp_flat_fresh swp_default_full_color swp_individual_full_color swp_other_full_color scale-100 scale-\" data-min-width=\"1100\" data-float-color=\"#ffffff\" data-float=\"bottom\" data-float-mobile=\"bottom\" data-transition=\"slide\">\n<div class=\"nc_tweetContainer swp_share_button total_shares total_sharesalt\"><span class=\"swp_count\">0 <span class=\"swp_label\">Partages<\/span><\/span><\/div>\n<\/div>\n<p><strong>Que se passe-t-il en Tunisie?<\/strong><br \/>Nous expliquons sur notre <a href=\"https:\/\/www.youtube.com\/channel\/UCRzypVq0B_yBad5eGrwBx0Q?sub_confirmation=1\" target=\"_blank\" rel=\"noopener\">cha\u00eene YouTube<\/a> . <a href=\"https:\/\/www.youtube.com\/channel\/UCRzypVq0B_yBad5eGrwBx0Q?sub_confirmation=1\" target=\"_blank\" rel=\"noopener\">Abonnez-vous!<\/a><\/p>\n<div class=\"mvp-org-wrap\" itemprop=\"publisher\">\n<div class=\"mvp-org-logo\" itemprop=\"logo\"><img decoding=\"async\" src=\"https:\/\/www.tunisienumerique.com\/wp-content\/uploads\/2017\/02\/logo_tunisie_numerique.png\"\/><br \/>\n<meta itemprop=\"url\" content=\"https:\/\/www.tunisienumerique.com\/wp-content\/uploads\/2017\/02\/logo_tunisie_numerique.png\"\/><\/div>\n<p><meta content=\"Tunisie\"\/><\/div>\n<div class=\"mvp-related-posts left relative\">\n<h4 class=\"post-header\"><span class=\"post-header\">Lire aussi<\/span><\/h4>\n<\/div>\n<div id=\"article-ad\">\n <ins class=\"adsbygoogle c5\" data-ad-client=\"ca-pub-2102118777505746\" data-ad-slot=\"6513972734\" data-ad-format=\"auto\" data-full-width-responsive=\"true\"\/>\n<\/div>\n<\/div>\n<div id=\"post-sidebar-wrap\">\n <ins class=\"adsbygoogle c5\" data-ad-client=\"ca-pub-2102118777505746\" data-ad-slot=\"6168283410\" data-ad-format=\"auto\" data-full-width-responsive=\"true\"\/>\n<\/div>\n<p>Auteur: D .<br \/>\n<a href=\"https:\/\/www.tunisienumerique.com\/tunisie-une-nouvelle-nomination-au-sein-de-lalliance-nationale-tunisienne\/\">Cliquez ici pour lire l&rsquo;article depuis sa source.<\/a><\/p>\n","protected":false},"excerpt":{"rendered":"<p>Par D . \u00a0| Il y a 1 heure L\u2019Alliance nationale Tunisienne ( connue aussi sous le nom de Coalition nationale tunisienne) a annonc\u00e9, dans un communiqu\u00e9 publi\u00e9 sur sa page officielle, la nomination de Jaloul Hamrouni au poste de directeur ex\u00e9cutif du parti. Selon la m\u00eame source, Hamrouni est titulaire d\u2019un doctorat en \u00e9conomie [&hellip;]<\/p>\n","protected":false},"author":1789,"featured_media":0,"comment_status":"closed","ping_status":"closed","sticky":false,"template":"","format":"standard","meta":{"fifu_image_url":"https:\/\/secure.gravatar.com\/avatar\/617b7c38e84f7dd4cedc307191ba635d?s=50&d=mm&r=g","fifu_image_alt":"Tunisie: Une nouvelle nomination au sein de l\u2019Alliance nationale tunisienne","footnotes":""},"categories":[73,55],"tags":[],"class_list":["post-117824","post","type-post","status-publish","format-standard","hentry","category-actualite","category-tunisie"],"_links":{"self":[{"href":"https:\/\/linitiative.ca\/International\/wp-json\/wp\/v2\/posts\/117824","targetHints":{"allow":["GET"]}}],"collection":[{"href":"https:\/\/linitiative.ca\/International\/wp-json\/wp\/v2\/posts"}],"about":[{"href":"https:\/\/linitiative.ca\/International\/wp-json\/wp\/v2\/types\/post"}],"author":[{"embeddable":true,"href":"https:\/\/linitiative.ca\/International\/wp-json\/wp\/v2\/users\/1789"}],"replies":[{"embeddable":true,"href":"https:\/\/linitiative.ca\/International\/wp-json\/wp\/v2\/comments?post=117824"}],"version-history":[{"count":0,"href":"https:\/\/linitiative.ca\/International\/wp-json\/wp\/v2\/posts\/117824\/revisions"}],"wp:attachment":[{"href":"https:\/\/linitiative.ca\/International\/wp-json\/wp\/v2\/media?parent=117824"}],"wp:term":[{"taxonomy":"category","embeddable":true,"href":"https:\/\/linitiative.ca\/International\/wp-json\/wp\/v2\/categories?post=117824"},{"taxonomy":"post_tag","embeddable":true,"href":"https:\/\/linitiative.ca\/International\/wp-json\/wp\/v2\/tags?post=117824"}],"curies":[{"name":"wp","href":"https:\/\/api.w.org\/{rel}","templated":true}]}}