{"id":117825,"date":"2021-06-02T07:13:26","date_gmt":"2021-06-02T11:13:26","guid":{"rendered":"https:\/\/linitiative.ca\/International\/denormes-potentialites-pour-reussir-le-developpement-de-lecotourisme\/"},"modified":"2021-06-02T07:13:26","modified_gmt":"2021-06-02T11:13:26","slug":"denormes-potentialites-pour-reussir-le-developpement-de-lecotourisme","status":"publish","type":"post","link":"https:\/\/linitiative.ca\/International\/denormes-potentialites-pour-reussir-le-developpement-de-lecotourisme\/","title":{"rendered":"D\u2019\u00e9normes potentialit\u00e9s pour r\u00e9ussir le d\u00e9veloppement de l\u2019\u00e9cotourisme"},"content":{"rendered":"<div readability=\"39\">\n<p>Marrakech \u2013 Le Maroc est dot\u00e9 d\u2019\u00e9normes potentialit\u00e9s pour r\u00e9ussir le d\u00e9veloppement du secteur de l\u2019\u00e9cotourisme, a soulign\u00e9 mardi, la ministre du Tourisme, de l\u2019artisanat, du transport a\u00e9rien et de l\u2019\u00e9conomie sociale, Mme Nadia Fettah Alaoui.<\/p>\n<\/div>\n<div readability=\"100\">\n<p>\u00ab\u00a0Le minist\u00e8re a mis en place une strat\u00e9gie permettant au Maroc de doubler les recettes touristiques de cette fili\u00e8re o\u00f9 le Royaume dispose d\u2019importantes potentialit\u00e9s pour renforcer son positionnement\u00a0\u00bb, a-t-elle ajout\u00e9 lors de sa participation \u00e0 la 3\u00e8me \u00e9dition des CRI Meeting Days, un rendez-vous organis\u00e9 en format virtuel autour du th\u00e8me \u00ab\u00a0Eco-tourisme\u00a0: R\u00e9silience, Relance et R\u00e9invention dans la r\u00e9gion Marrakech-Safi\u00a0\u00bb.<\/p>\n<p>Apr\u00e8s avoir mis en exergue les potentialit\u00e9s de la r\u00e9gion Marrakech-Safi au niveau de cette chaine de valeur, la ministre a soulign\u00e9 l\u2019importance avec un focus sur le potentiel de l\u2019\u00e9cotourisme pour r\u00e9ussir la relance du secteur du tourisme, qui a subi de plein fouet les r\u00e9percussions de la crise pand\u00e9mique induite par la Covid-19.<\/p>\n<p>\u00ab\u00a0Le d\u00e9veloppement de l\u2019\u00e9cotourisme va permettre de pr\u00e9server \u00e0 la fois, la biodiversit\u00e9 et l\u2019environnement ainsi que les ressources culturelles et les traditions propres aux territoires\u00a0\u00bb, a-t-elle insist\u00e9, relevant que ce secteur repr\u00e9sente \u00ab\u00a0une chaine de valeur transversale complexe o\u00f9, les diff\u00e9rents intervenants doivent travailler avec des populations locales qui n\u2019ont pas l\u2019expertise n\u00e9cessaire pour cr\u00e9er une offre industrialis\u00e9e de l\u2019\u00e9cotourisme\u00a0\u00bb.<\/p>\n<p>Dans ce contexte, Mme Fettah Alaoui a appel\u00e9 \u00e0 \u00ab\u00a0oeuvrer ensemble pour mettre en place un cadre r\u00e9glementaire ad\u00e9quat au d\u00e9veloppement de l\u2019\u00e9cotourisme et \u00e0 l\u2019inclusion de la population locale, dont les petits agriculteurs, les petits artisans,\u00a0 et les guides de mani\u00e8re \u00e0 cr\u00e9er un \u00e9cosyst\u00e8me vari\u00e9\u00a0\u00bb, estimant indispensable d\u2019encourager l\u2019int\u00e9gration de certains acteurs dans le secteur formel, et de veiller \u00e0 les soutenir afin que leur revenus ne soient plus pr\u00e9caires.<\/p>\n<p>Et de faire savoir que son d\u00e9partement travaille, en collaboration avec les autres intervenants du secteur, sur de nouvelles solutions pour le financement des petites entreprises et coop\u00e9ratives oeuvrant dans ce domaine, qui peinent \u00e0 acc\u00e9der aux financements n\u00e9cessaires au d\u00e9veloppement de leurs projets touristiques.<\/p>\n<p>Par ailleurs, Mme Nadia Fettah Alaoui, a indiqu\u00e9 que le minist\u00e8re s\u2019att\u00e8lent sur les volets relatifs \u00e0 l\u2019accompagnement et \u00e0 la formation afin que cette activit\u00e9 soit connue et reconnue et servir davantage de source de revenus durables pour les populations locales.<\/p>\n<p>\u00ab\u00a0Dans un monde boulevers\u00e9 par la pand\u00e9mie, le d\u00e9veloppement du secteur de l\u2019\u00e9cotourisme et du tourisme interne s\u2019av\u00e8rent une priorit\u00e9 pour le Maroc afin de garantir la relance du secteur\u00a0\u00bb, a-t-elle dit.<\/p>\n<p>Organis\u00e9e par le Centre R\u00e9gional d\u2019Investissement (CRI) de Marrakech-Safi, la 3\u00e8me \u00e9dition des CRI MEETING DAYS a \u00e9t\u00e9 l\u2019occasion d\u2019engager une discussion ouverte et constructive, ainsi qu\u2019une r\u00e9flexion commune sur l\u2019\u00e9cotourisme, son \u00e9mergence, son d\u00e9veloppement et son importance dans la r\u00e9gion Marrakech-Safi.<\/p>\n<p>Pour rappel, la 1\u00e8re \u00e9dition de ce rendez-vous mensuel avait port\u00e9 sur \u00ab\u00a0la Mixit\u00e9 en entreprise comme levier de performance et de p\u00e9rennisation\u00a0\u00bb alors que la 2\u00e8 \u00e9dition avait trait\u00e9 de l\u2019ADN industriel de la r\u00e9gion et la force de rebond \u00e9conomique du secteur industriel dans le contexte de la pand\u00e9mie.<\/p>\n<\/div>\n<p>Auteur: Meriem IGASS<br \/>\n<a href=\"http:\/\/www.mapmarrakech.ma\/fr\/denormes-potentialites-pour-reussir-le-developpement-de-lecotourisme\/\">Cliquez ici pour lire l&rsquo;article depuis sa source.<\/a><\/p>\n","protected":false},"excerpt":{"rendered":"<p>Marrakech \u2013 Le Maroc est dot\u00e9 d\u2019\u00e9normes potentialit\u00e9s pour r\u00e9ussir le d\u00e9veloppement du secteur de l\u2019\u00e9cotourisme, a soulign\u00e9 mardi, la ministre du Tourisme, de l\u2019artisanat, du transport a\u00e9rien et de l\u2019\u00e9conomie sociale, Mme Nadia Fettah Alaoui. \u00ab\u00a0Le minist\u00e8re a mis en place une strat\u00e9gie permettant au Maroc de doubler les recettes touristiques de cette fili\u00e8re [&hellip;]<\/p>\n","protected":false},"author":1788,"featured_media":0,"comment_status":"closed","ping_status":"closed","sticky":false,"template":"","format":"standard","meta":{"fifu_image_url":"","fifu_image_alt":"","footnotes":""},"categories":[54,76],"tags":[],"class_list":["post-117825","post","type-post","status-publish","format-standard","hentry","category-maroc","category-regions"],"_links":{"self":[{"href":"https:\/\/linitiative.ca\/International\/wp-json\/wp\/v2\/posts\/117825","targetHints":{"allow":["GET"]}}],"collection":[{"href":"https:\/\/linitiative.ca\/International\/wp-json\/wp\/v2\/posts"}],"about":[{"href":"https:\/\/linitiative.ca\/International\/wp-json\/wp\/v2\/types\/post"}],"author":[{"embeddable":true,"href":"https:\/\/linitiative.ca\/International\/wp-json\/wp\/v2\/users\/1788"}],"replies":[{"embeddable":true,"href":"https:\/\/linitiative.ca\/International\/wp-json\/wp\/v2\/comments?post=117825"}],"version-history":[{"count":0,"href":"https:\/\/linitiative.ca\/International\/wp-json\/wp\/v2\/posts\/117825\/revisions"}],"wp:attachment":[{"href":"https:\/\/linitiative.ca\/International\/wp-json\/wp\/v2\/media?parent=117825"}],"wp:term":[{"taxonomy":"category","embeddable":true,"href":"https:\/\/linitiative.ca\/International\/wp-json\/wp\/v2\/categories?post=117825"},{"taxonomy":"post_tag","embeddable":true,"href":"https:\/\/linitiative.ca\/International\/wp-json\/wp\/v2\/tags?post=117825"}],"curies":[{"name":"wp","href":"https:\/\/api.w.org\/{rel}","templated":true}]}}