{"id":117826,"date":"2021-06-02T06:34:29","date_gmt":"2021-06-02T10:34:29","guid":{"rendered":"https:\/\/linitiative.ca\/International\/une-orientation-precoce-active-et-efficace-une-priorite-pour-reussir-la-reforme-du-systeme-educatif-marocain\/"},"modified":"2021-06-02T06:34:29","modified_gmt":"2021-06-02T10:34:29","slug":"une-orientation-precoce-active-et-efficace-une-priorite-pour-reussir-la-reforme-du-systeme-educatif-marocain","status":"publish","type":"post","link":"https:\/\/linitiative.ca\/International\/une-orientation-precoce-active-et-efficace-une-priorite-pour-reussir-la-reforme-du-systeme-educatif-marocain\/","title":{"rendered":"Une orientation pr\u00e9coce, active et efficace \u2026 une priorit\u00e9 pour r\u00e9ussir la r\u00e9forme du syst\u00e8me \u00e9ducatif marocain"},"content":{"rendered":"<p>L\u2019orientation est d\u00e9sormais partie int\u00e9grante du processus d\u2019\u00e9ducation et de formation. Son objectif est d\u2019accompagner et de faciliter la maturation vocationnelle, les choix \u00e9ducatifs et professionnels des apprenants. C\u2019est pourquoi le Minist\u00e8re de l\u2019Education Nationale, de la Formation Professionnelle, de l\u2019Enseignement Sup\u00e9rieur et de la Recherche Scientifique vient d\u2019\u00e9laborer une nouvelle vision d\u2019orientation scolaire, professionnelle et universitaire, bas\u00e9e sur l\u2019accompagnement pr\u00e9coce des apprenants, tous cycles confondus. Pour mieux cerner ce sujet combien important, nous avons choisi de nous entretenir avec M Abdelmojib Mrabet, chef du projet d\u2019am\u00e9lioration du syst\u00e8me d\u2019orientation scolaire et professionnelle. Entretien.<\/p>\n<div class=\"c10\">\n<\/div>\n<p><strong>1<\/strong>. <strong>Quel r\u00f4le central et fondamental joue l\u2019orientation scolaire, professionnelle et universitaire dans le syst\u00e8me \u00e9ducatif ?<\/strong><\/p>\n<p>Votre question est d\u2019une grande importance. Lorsque nous parlons du syst\u00e8me d\u2019\u00e9ducation et de formation et des fonctions de l\u2019\u00e9cole, nous trouvons un certain nombre de fonctions, dont la mission \u00e9ducative de l\u2019\u00e9cole qui est cens\u00e9e inculquer aux apprenants des connaissances et\u00a0des comp\u00e9tences\u00a0; la mission culturelle qui consiste dans le transfert de l\u2019identit\u00e9 marocaine tout en renfor\u00e7ant l\u2019ouverture sur d\u2019autres cultures et celle de socialisation dont la responsabilit\u00e9 est partag\u00e9e avec les familles \u00e0 travers un ensemble de comp\u00e9tences de vie\u00a0 et de valeurs. En plus de toutes ces fonctions, celle de l\u2019orientation reste primordiale qui se traduit par la pr\u00e9paration des apprenants \u00e0 s\u2019int\u00e9grer facilement dans la vie professionnelle en les dotant d\u2019aptitudes et de comp\u00e9tences qui prennent en consid\u00e9ration leurs choix, leurs capacit\u00e9s et leurs aspirations et qui doivent s\u2019inscrire dans leurs projets personnels. Par cons\u00e9quent, le syst\u00e8me d\u2019orientation repose sur le suivi individualis\u00e9 de l\u2019apprenant et son accompagnement afin qu\u2019il soit en mesure de faire des choix pertinents compte tenu de son potentiel, de ses qualifications et de ses ambitions. Dans ce sens, l\u2019une des finalit\u00e9s du syst\u00e8me \u00e9ducatif est d\u2019accompagner les \u00e9l\u00e8ves tout au long de leur cursus scolaire de mani\u00e8re efficace pour faciliter leur int\u00e9gration dans la vie active.<\/p>\n<p><strong>Lire aussi| <a href=\"https:\/\/www.challenge.ma\/faycal-laaraichi-le-succes-du-rebond-futuriste-des-medias-publics-depend-dun-contrat-programme-clair-avec-le-gouvernement-186689\/\">Fay\u00e7al La\u00e2ra\u00efchi : \u00abLe succ\u00e8s du rebond futuriste des m\u00e9dias publics d\u00e9pend d\u2019un contrat-programme clair avec le gouvernement\u00bb<\/a><\/strong><\/p>\n<p><strong>2. La loi-cadre 51.17 pr\u00e9voit la modernisation du syst\u00e8me d\u2019orientation scolaire et professionnelle, quels en sont les grandes lignes ?<\/strong><\/p>\n<p>L\u2019article 34 de la loi-cadre 51-17 stipule qu\u2019une r\u00e9vision du syst\u00e8me d\u2019orientation scolaire, professionnelle et universitaire s\u2019impose. Une refonte, dans ce sens, signifie qu\u2019un ensemble de dimensions de ce syst\u00e8me devraient \u00eatre r\u00e9examin\u00e9es, notamment la nature transversale de l\u2019orientation et qui devrait \u00eatre prise en compte dans toutes ses composantes. C\u2019est pourquoi, la loi-cadre parle d\u2019un syst\u00e8me d\u2019orientation globale, et non pas de syst\u00e8mes d\u2019orientation au pluriel. Il s\u2019agit donc d\u2019un syst\u00e8me int\u00e9gr\u00e9 et unique d\u2019orientation scolaire, professionnelle et universitaire et c\u2019est l\u2019une des nouveaut\u00e9s majeures de cette r\u00e9vision globale.<\/p>\n<p><strong>3. Quels sont les m\u00e9canismes permettant de mettre en \u0153uvre ce projet sur le terrain, en particulier l\u2019aspect li\u00e9 \u00e0 l\u2019activation de l\u2019accompagnement p\u00e9dagogique et au principe de \u00ab\u00a0l\u2019enseignant principal\u00a0\u00bb ainsi qu\u2019\u00e0 la mise en place de l\u2019acte collectif d\u2019orientation dans les \u00e9tablissements scolaires ?<\/strong><\/p>\n<p>Tout d\u2019abord, le concept de \u00ab\u00a0l\u2019enseignant principal\u00a0\u00bb doit \u00eatre clarifi\u00e9. Il ne faut surtout pas croire que cet enseignant dispose d\u2019une position hi\u00e9rarchique vis-\u00e0-vis de ses coll\u00e8gues, mais \u00a0il s\u2019agit d\u2019une mission qui consiste, d\u2019une part, \u00e0 superviser une classe jusqu\u2019\u00e0 quatre classes\u00a0 afin d\u2019aider les apprenants \u00e0 identifier et \u00e0 surmonter leurs difficult\u00e9s scolaires, \u00e0 mieux s\u2019int\u00e9grer dans la vie scolaire, et d\u2019autre part, assurer le suivi de leurs projets personnels, en veillant \u00e0 ce que les apprenants acqui\u00e8rent des connaissances et des comp\u00e9tences qui leur permettront de construire leurs choix et de fixer leurs objectifs futurs avec facilit\u00e9 et clart\u00e9. Ce sont l\u00e0 les objectifs de la mission qui incombe \u00e0 \u00ab\u00a0l\u2019enseignant principal\u00a0\u00bb dans le cadre de ce que nous appelons l\u2019accompagnement p\u00e9dagogique et \u00e9ducatif sans toutefois empi\u00e9ter le r\u00f4le du conseiller en orientation \u00e9ducative.<\/p>\n<p>Ainsi, pour op\u00e9rationnaliser ce m\u00e9canisme de \u00ab\u00a0l\u2019enseignant principal\u00a0\u00bb, nous avons proc\u00e9d\u00e9 cette ann\u00e9e \u00e0 la formation de plus de 34\u00a0200 professeurs principaux, et ce, dans l\u2019objectif de les doter de connaissances qui portent principalement sur la fa\u00e7on d\u2019accompagner les \u00e9l\u00e8ves. Un cadre m\u00e9thodologique a \u00e9t\u00e9 \u00e9labor\u00e9 dans ce sens, ayant permis, jusqu\u2019\u00e0 ce jour, \u00e0 pr\u00e8s de 10 000 enseignants principaux de b\u00e9n\u00e9ficier d\u2019une formation sur des sujets divers li\u00e9s \u00e0 l\u2019accompagnement p\u00e9dagogique et \u00e9ducatif. Ce dernier constitue, en effet, un cadre contractuel entre l\u2019enseignant et l\u2019apprenant qui int\u00e8gre les activit\u00e9s qui doivent \u00eatre men\u00e9es par l\u2019\u00e9l\u00e8ve sous la supervision de l\u2019enseignant.<\/p>\n<p>En plus de cette formation, \u00ab l\u2019enseignant principal \u00bb, disposera d\u2019une mallette p\u00e9dagogique qui est en cours d\u2019\u00e9laboration avec l\u2019appui du Bureau de l\u2019UNICEF \u00e0 Rabat. Il s\u2019agit de ressources qui lui permettront de mener diff\u00e9rentes activit\u00e9s avec les apprenants. Cette mallette, devrait \u00eatre pr\u00eate et mise \u00e0 la disposition des diff\u00e9rents \u00e9tablissements scolaires probablement \u00e0 la prochaine rentr\u00e9e scolaire.<\/p>\n<p><strong>Lire aussi| <a href=\"https:\/\/www.challenge.ma\/amnistie-en-recouvrement-fiscal-et-creances-publiques-compte-a-rebours-186585\/\">Amnistie en recouvrement fiscal et cr\u00e9ances publiques : compte \u00e0 rebours !<\/a><\/strong><\/p>\n<p><strong>4. Quelles sont les \u00e9tapes franchies pour \u00e9tablir un syst\u00e8me viable d\u2019orientation pr\u00e9coce scolaire, professionnelle et universitaire ?<\/strong><\/p>\n<p>D\u00e8s la promulgation de la loi-cadre 51.17 qui pr\u00e9voit la r\u00e9vision du syst\u00e8me d\u2019orientation scolaire dans sa globalit\u00e9, le Minist\u00e8re a entam\u00e9 une r\u00e9flexion approfondie sur ce chantier prioritaire, r\u00e9flexion qui a abouti \u00e0 l\u2019\u00e9laboration du projet 13 qui consiste \u00e0 mettre en place un syst\u00e8me efficace, pr\u00e9coce et actif d\u2019orientation scolaire, professionnelle et universitaire.<\/p>\n<p>Rappelons, en outre, que plusieurs projets de r\u00e9forme de ce syst\u00e8me ont eu lieu depuis la Charte nationale de l\u2019\u00e9ducation et de la formation, en passant par le programme d\u2019urgence, les mesures prioritaires pour arriver aux projets de mise en \u0153uvre des dispositions de la loi-cadre 51-17 que menons actuellement.<\/p>\n<p>Tout au long de ce processus de r\u00e9forme, bon nombre de mesures ont \u00e9t\u00e9 mises en \u0153uvre, dont l\u2019adoption du m\u00e9canisme d\u2019\u00abenseignant principal\u00a0\u00bb, demeure la plus importante. \u00a0En effet, pour la premi\u00e8re fois dans l\u2019histoire de notre syst\u00e8me \u00e9ducatif, les enseignants sont impliqu\u00e9s institutionnellement dans le soutien des projets personnels des apprenants selon les principes d\u00e9j\u00e0 explicit\u00e9s. En outre, afin d\u2019assurer une meilleure qualit\u00e9 du service d\u2019orientation propos\u00e9 aux \u00e9l\u00e8ves au niveau des \u00e9tablissements scolaires, nous avons augment\u00e9 \u00e0 350 le nombre de conseillers en orientation scolaire en formation cette ann\u00e9e, un record pour la premi\u00e8re fois dans l\u2019histoire de notre syst\u00e8me \u00e9ducatif, et il est pr\u00e9vu de former 1 400 conseillers suppl\u00e9mentaires \u00e0 l\u2019horizon 2025, ce qui permettra de combler le d\u00e9ficit enregistr\u00e9 et de couvrir l\u2019ensemble des r\u00e9gions et provinces.<\/p>\n<p><strong>5. Le corps professoral et l\u2019administration p\u00e9dagogique jouent un r\u00f4le central dans le processus d\u2019orientation.\u00a0 Quel est le r\u00f4le des familles ? Existe-t-il une strat\u00e9gie de communication et de mobilisation en ce sens ?<\/strong><\/p>\n<p>Avant de parler des familles, il est n\u00e9cessaire de souligner les r\u00f4les de toutes les parties prenantes impliqu\u00e9es dans le processus d\u2019orientation. En effet, l\u2019importance du syst\u00e8me d\u2019orientation dans sa globalit\u00e9 r\u00e9side dans la multiplicit\u00e9 et la diversit\u00e9 des personnes et des instances impliqu\u00e9es. L\u2019orientation \u00e9tait consid\u00e9r\u00e9e comme la responsabilit\u00e9 du conseiller p\u00e9dagogique, m\u00e9taphoriquement appel\u00e9e \u00ab\u00a0Orientateur\u00bb, dans les \u00e9tablissements scolaires \u00a0du secondaire coll\u00e9gial et \u00a0du secondaire qualifiant. Toutefois, ce conseiller n\u2019est pas le seul responsable, et c\u2019est l\u00e0 l\u2019une des nouveaut\u00e9s du syst\u00e8me d\u2019orientation actuel. \u00a0Nous parlons de multiples dimensions du syst\u00e8me d\u2019orientation scolaire, professionnelle et universitaire : une dimension p\u00e9dagogique qui rel\u00e8ve de la responsabilit\u00e9 du corps enseignant \u00a0dont la mission est de rendre \u00a0l\u2019apprenant capable \u00a0de construire un projet personnel qui lui permet de fixer des objectifs et des choix et des dimensions r\u00e9glementaires, administratives et techniques qui rel\u00e8vent de \u00a0la responsabilit\u00e9 de l\u2019administration p\u00e9dagogique appel\u00e9e \u00e0 favoriser le climat, les conditions et les activit\u00e9s qui aideront les apprenants \u00e0 choisir leurs orientations en mati\u00e8re de cursus scolaire, de formation et de professions.<\/p>\n<p><strong>6. Et la famille dans tout cela\u00a0?<\/strong><\/p>\n<p>La famille vient naturellement s\u2019ajouter \u00e0 tous les autres acteurs de l\u2019institution scolaire, en tant que premi\u00e8re institution d\u2019\u00e9ducation et de socialisation qui accueille, soutient et influence les choix des apprenants. Ainsi, le r\u00f4le de la famille est essentiel et central, dans la mesure o\u00f9 nous pouvons dire aujourd\u2019hui que les familles interf\u00e8rent souvent dans les choix de leurs enfants, que ce soit n\u00e9gativement ou positivement. Nous constatons \u00e9galement que beaucoup de parents choisissent \u00e0 la place de leurs enfants, \u00a0cela peut affecter n\u00e9gativement les parcours des apprenants. Toutefois, les familles peuvent \u00e9galement influencer positivement les choix de leurs enfants quand ils accompagnent de mani\u00e8re continue et efficace et c\u2019est ce \u00e0 quoi nous aspirons afin que cet accompagnement puisse constituer un appui aux projets personnels construits avec le soutien des diff\u00e9rents acteurs \u00e9ducatifs.<\/p>\n<p>Sur le plan de la strat\u00e9gie de communication avec les familles, nous \u0153uvrons pour institutionnaliser la relation des \u00e9tablissements scolaires avec les familles pour toutes les questions li\u00e9es \u00e0 leur participation \u00e0 la gestion des projets personnels de leurs enfants. Nos efforts visent \u00e0 renforcer les m\u00e9canismes et les canaux de communication par le biais d\u2019activit\u00e9s de sensibilisation, via notamment les associations des parents d\u2019\u00e9l\u00e8ves, d\u2019associations de la soci\u00e9t\u00e9 civile ou encore de campagnes de communication mass-m\u00e9dia.<\/p>\n<p>Sur le plan institutionnel, il est pr\u00e9vu de mettre en place un m\u00e9canisme permettant aux familles de rester en contact permanent avec la scolarit\u00e9 de leurs enfants et avec les \u00e9tablissements scolaires. De plus, aujourd\u2019hui, les applications Massar Mobiler\u00e9cemment adopt\u00e9es par le Minist\u00e8re offrent de multiples services gr\u00e2ce auxquels les familles peuvent communiquer efficacement avec les \u00e9tablissements scolaires (administration et corps enseignant) \u00a0au sujet de toutes les questions qui concernent la scolarit\u00e9 de leurs enfants, y compris l\u2019orientation.<\/p>\n<p><strong>7. Quelles sont vos aspirations pour ce projet \u00e0 l\u2019horizon 2025 ?<\/strong><\/p>\n<p>Contrairement \u00e0 d\u2019autres projets de la loi-cadre dont la mise en \u0153uvre s\u2019\u00e9tend jusqu\u2019en 2030, le nouveau syst\u00e8me d\u2019orientation auquel nous aspirons sera op\u00e9rationnel d\u2019ici 2025. Nous esp\u00e9rons durant la p\u00e9riode qui nous s\u00e9pare de cette \u00e9ch\u00e9ance, pouvoir g\u00e9n\u00e9raliser le m\u00e9canisme de \u00ab\u00a0l\u2019enseignant principal\u00a0\u00bb, am\u00e9liorer la qualit\u00e9 du travail accompli par les conseillers en orientation \u00e9ducative ainsi que la performance des diff\u00e9rents acteurs \u00e9ducatifs gr\u00e2ce \u00e0 leur implication efficace et positive dans la mise en \u0153uvre de ce projet. De m\u00eame, les projets d\u2019\u00e9tablissements doivent int\u00e9grer tous les changements escompt\u00e9s de la r\u00e9forme du syst\u00e8me d\u2019orientation. Enfin, nous esp\u00e9rons d\u2019ici l\u00e0 pouvoir renforcer l\u2019implication des familles dans l\u2019orientation de leurs enfants gr\u00e2ce notamment \u00e0 diverses activit\u00e9s \u00e9ducatives, de sensibilisation et de mobilisation.<\/p>\n<p><strong>Abdelmoujib MRABET<\/strong><\/p>\n<p><strong>Charg\u00e9 de l\u2019unit\u00e9 centrale d\u2019orientation scolaire et professionnelle<\/strong><\/p>\n<p>Auteur: challenge<br \/>\n<a href=\"https:\/\/www.challenge.ma\/abdelmojib-mrabet-une-orientation-precoce-active-et-efficace-une-priorite-pour-reussir-la-reforme-du-systeme-educatif-marocain-186701\/\">Cliquez ici pour lire l&rsquo;article depuis sa source.<\/a><\/p>\n","protected":false},"excerpt":{"rendered":"<p>L\u2019orientation est d\u00e9sormais partie int\u00e9grante du processus d\u2019\u00e9ducation et de formation. Son objectif est d\u2019accompagner et de faciliter la maturation vocationnelle, les choix \u00e9ducatifs et professionnels des apprenants. C\u2019est pourquoi le Minist\u00e8re de l\u2019Education Nationale, de la Formation Professionnelle, de l\u2019Enseignement Sup\u00e9rieur et de la Recherche Scientifique vient d\u2019\u00e9laborer une nouvelle vision d\u2019orientation scolaire, professionnelle [&hellip;]<\/p>\n","protected":false},"author":1787,"featured_media":0,"comment_status":"closed","ping_status":"closed","sticky":false,"template":"","format":"standard","meta":{"fifu_image_url":"","fifu_image_alt":"","footnotes":""},"categories":[78,54],"tags":[],"class_list":["post-117826","post","type-post","status-publish","format-standard","hentry","category-economie","category-maroc"],"_links":{"self":[{"href":"https:\/\/linitiative.ca\/International\/wp-json\/wp\/v2\/posts\/117826","targetHints":{"allow":["GET"]}}],"collection":[{"href":"https:\/\/linitiative.ca\/International\/wp-json\/wp\/v2\/posts"}],"about":[{"href":"https:\/\/linitiative.ca\/International\/wp-json\/wp\/v2\/types\/post"}],"author":[{"embeddable":true,"href":"https:\/\/linitiative.ca\/International\/wp-json\/wp\/v2\/users\/1787"}],"replies":[{"embeddable":true,"href":"https:\/\/linitiative.ca\/International\/wp-json\/wp\/v2\/comments?post=117826"}],"version-history":[{"count":0,"href":"https:\/\/linitiative.ca\/International\/wp-json\/wp\/v2\/posts\/117826\/revisions"}],"wp:attachment":[{"href":"https:\/\/linitiative.ca\/International\/wp-json\/wp\/v2\/media?parent=117826"}],"wp:term":[{"taxonomy":"category","embeddable":true,"href":"https:\/\/linitiative.ca\/International\/wp-json\/wp\/v2\/categories?post=117826"},{"taxonomy":"post_tag","embeddable":true,"href":"https:\/\/linitiative.ca\/International\/wp-json\/wp\/v2\/tags?post=117826"}],"curies":[{"name":"wp","href":"https:\/\/api.w.org\/{rel}","templated":true}]}}