{"id":117829,"date":"2021-06-02T07:33:00","date_gmt":"2021-06-02T11:33:00","guid":{"rendered":"https:\/\/linitiative.ca\/International\/derniere-minute-medenine-des-agriculteurs-ferment-les-routes-suite-a-laugmentation-des-prix-des-fourrages-video\/"},"modified":"2021-06-02T07:33:00","modified_gmt":"2021-06-02T11:33:00","slug":"derniere-minute-medenine-des-agriculteurs-ferment-les-routes-suite-a-laugmentation-des-prix-des-fourrages-video","status":"publish","type":"post","link":"https:\/\/linitiative.ca\/International\/derniere-minute-medenine-des-agriculteurs-ferment-les-routes-suite-a-laugmentation-des-prix-des-fourrages-video\/","title":{"rendered":"Derni\u00e8re minute- Medenine: Des agriculteurs ferment les routes suite \u00e0 l\u2019augmentation des prix des fourrages [vid\u00e9o]"},"content":{"rendered":"<div id=\"content-main\" class=\"left relative left relative\">\n<div class=\"post-info-out\">\n<div class=\"post-info-img left relative\"><img decoding=\"async\" alt=\"\" src=\"https:\/\/secure.gravatar.com\/avatar\/4e507094cc8003289b58af26e43363e6?s=50&amp;d=mm&amp;r=g\" srcset=\"https:\/\/secure.gravatar.com\/avatar\/4e507094cc8003289b58af26e43363e6?s=100&amp;d=mm&amp;r=g 2x\" class=\"avatar avatar-50 photo\" height=\"50\" width=\"50\" loading=\"lazy\"\/><\/div>\n<div class=\"post-info-in\">\n<div class=\"post-info-right left relative post-info-name left relative\"><span><span class=\"post-info-text\">Par<\/span> <span class=\"author-name vcard fn author\"><a href=\"https:\/\/www.tunisienumerique.com\/author\/sabrine-hamouda\/\" title=\"Articles par Mayara\" rel=\"author\">Mayara<\/a><\/span><\/span> <span class=\"post-date updated\"><time class=\"post-date updated\" datetime=\"2021-06-02\">\u00a0| Il y a 1 heure<\/time><\/span><br \/>\n<meta itemprop=\"dateModified\" content=\"2021-06-02\"\/><\/div>\n<\/div>\n<\/div>\n<div class=\"code-block code-block-1 c5\">\n <ins class=\"adsbygoogle c4\" data-ad-layout=\"in-article\" data-ad-format=\"fluid\" data-ad-client=\"ca-pub-2102118777505746\" data-ad-slot=\"7301775417\"\/>\n<\/div>\n<p>Des agriculteurs ont incendi\u00e9 des pneus et ferm\u00e9 la route entre M\u00e9denine et Gab\u00e8s aujourd\u2019hui pour exprimer leur col\u00e8re suite \u00e0 l\u2019augmentation des prix des fourrages et la r\u00e9duction des quantit\u00e9s \u00e0 laquelle les \u00e9leveurs ont droit.<\/p>\n<p>La correspondante de Tunisie Num\u00e9rique dans la r\u00e9gion a \u00e9galement soulign\u00e9 que le minist\u00e8re de l\u2019agriculture a chang\u00e9 les crit\u00e8res d\u2019attribution de l\u2019orge aux agriculteurs. Les petits des animaux ne sont plus comptabilis\u00e9s, a-t-elle expliqu\u00e9.<\/p>\n<p>D\u2019apr\u00e8s les protestataires, il s\u2019agit d\u2019une d\u00e9cision politique en rapport avec l\u2019ouverture des fronti\u00e8res avec la Libye et par l\u00e0 m\u00eame du march\u00e9 libyen. Ils ont rappel\u00e9 que l\u2019augmentation du cout des fourrages influera forc\u00e9ment sur le march\u00e9 des b\u00e9tails\u00a0et le prix des viandes.<\/p>\n<div class=\"swp_social_panel swp_horizontal_panel swp_flat_fresh swp_default_full_color swp_individual_full_color swp_other_full_color scale-100 scale-\" data-min-width=\"1100\" data-float-color=\"#ffffff\" data-float=\"bottom\" data-float-mobile=\"bottom\" data-transition=\"slide\">\n<div class=\"nc_tweetContainer swp_share_button total_shares total_sharesalt\"><span class=\"swp_count\">0 <span class=\"swp_label\">Partages<\/span><\/span><\/div>\n<\/div>\n<p><strong>Que se passe-t-il en Tunisie?<\/strong><br \/>Nous expliquons sur notre <a href=\"https:\/\/www.youtube.com\/channel\/UCRzypVq0B_yBad5eGrwBx0Q?sub_confirmation=1\" target=\"_blank\" rel=\"noopener\">cha\u00eene YouTube<\/a> . <a href=\"https:\/\/www.youtube.com\/channel\/UCRzypVq0B_yBad5eGrwBx0Q?sub_confirmation=1\" target=\"_blank\" rel=\"noopener\">Abonnez-vous!<\/a><\/p>\n<div class=\"mvp-org-wrap\" itemprop=\"publisher\">\n<div class=\"mvp-org-logo\" itemprop=\"logo\"><img decoding=\"async\" src=\"https:\/\/www.tunisienumerique.com\/wp-content\/uploads\/2017\/02\/logo_tunisie_numerique.png\"\/><br \/>\n<meta itemprop=\"url\" content=\"https:\/\/www.tunisienumerique.com\/wp-content\/uploads\/2017\/02\/logo_tunisie_numerique.png\"\/><\/div>\n<p><meta content=\"Tunisie\"\/><\/div>\n<div class=\"mvp-related-posts left relative\">\n<h4 class=\"post-header\"><span class=\"post-header\">Lire aussi<\/span><\/h4>\n<\/div>\n<div id=\"article-ad\">\n <ins class=\"adsbygoogle c6\" data-ad-client=\"ca-pub-2102118777505746\" data-ad-slot=\"6513972734\" data-ad-format=\"auto\" data-full-width-responsive=\"true\"\/>\n<\/div>\n<\/div>\n<div id=\"post-sidebar-wrap\">\n <ins class=\"adsbygoogle c6\" data-ad-client=\"ca-pub-2102118777505746\" data-ad-slot=\"6168283410\" data-ad-format=\"auto\" data-full-width-responsive=\"true\"\/>\n<\/div>\n<p>Auteur: Mayara<br \/>\n<a href=\"https:\/\/www.tunisienumerique.com\/derniere-minute-medenine-des-agriculteurs-ferment-les-routes-suite-a-laugmentation-des-prix-des-fourrages-video\/\">Cliquez ici pour lire l&rsquo;article depuis sa source.<\/a><\/p>\n","protected":false},"excerpt":{"rendered":"<p>Par Mayara \u00a0| Il y a 1 heure Des agriculteurs ont incendi\u00e9 des pneus et ferm\u00e9 la route entre M\u00e9denine et Gab\u00e8s aujourd\u2019hui pour exprimer leur col\u00e8re suite \u00e0 l\u2019augmentation des prix des fourrages et la r\u00e9duction des quantit\u00e9s \u00e0 laquelle les \u00e9leveurs ont droit. La correspondante de Tunisie Num\u00e9rique dans la r\u00e9gion a \u00e9galement [&hellip;]<\/p>\n","protected":false},"author":1789,"featured_media":0,"comment_status":"closed","ping_status":"closed","sticky":false,"template":"","format":"standard","meta":{"fifu_image_url":"https:\/\/secure.gravatar.com\/avatar\/4e507094cc8003289b58af26e43363e6?s=50&d=mm&r=g","fifu_image_alt":"Derni\u00e8re minute- Medenine: Des agriculteurs ferment les routes suite \u00e0 l\u2019augmentation des prix des fourrages [vid\u00e9o]","footnotes":""},"categories":[73,55],"tags":[],"class_list":["post-117829","post","type-post","status-publish","format-standard","hentry","category-actualite","category-tunisie"],"_links":{"self":[{"href":"https:\/\/linitiative.ca\/International\/wp-json\/wp\/v2\/posts\/117829","targetHints":{"allow":["GET"]}}],"collection":[{"href":"https:\/\/linitiative.ca\/International\/wp-json\/wp\/v2\/posts"}],"about":[{"href":"https:\/\/linitiative.ca\/International\/wp-json\/wp\/v2\/types\/post"}],"author":[{"embeddable":true,"href":"https:\/\/linitiative.ca\/International\/wp-json\/wp\/v2\/users\/1789"}],"replies":[{"embeddable":true,"href":"https:\/\/linitiative.ca\/International\/wp-json\/wp\/v2\/comments?post=117829"}],"version-history":[{"count":0,"href":"https:\/\/linitiative.ca\/International\/wp-json\/wp\/v2\/posts\/117829\/revisions"}],"wp:attachment":[{"href":"https:\/\/linitiative.ca\/International\/wp-json\/wp\/v2\/media?parent=117829"}],"wp:term":[{"taxonomy":"category","embeddable":true,"href":"https:\/\/linitiative.ca\/International\/wp-json\/wp\/v2\/categories?post=117829"},{"taxonomy":"post_tag","embeddable":true,"href":"https:\/\/linitiative.ca\/International\/wp-json\/wp\/v2\/tags?post=117829"}],"curies":[{"name":"wp","href":"https:\/\/api.w.org\/{rel}","templated":true}]}}