{"id":117831,"date":"2021-06-02T07:31:37","date_gmt":"2021-06-02T11:31:37","guid":{"rendered":"https:\/\/linitiative.ca\/International\/cameroun-le-tourisme-sexuel-considere-comme-un-crime-sans-frontiere\/"},"modified":"2021-06-02T07:31:37","modified_gmt":"2021-06-02T11:31:37","slug":"cameroun-le-tourisme-sexuel-considere-comme-un-crime-sans-frontiere","status":"publish","type":"post","link":"https:\/\/linitiative.ca\/International\/cameroun-le-tourisme-sexuel-considere-comme-un-crime-sans-frontiere\/","title":{"rendered":"Cameroun : le tourisme sexuel consid\u00e9r\u00e9 comme un \u00abcrime sans fronti\u00e8re \u00bb"},"content":{"rendered":"<div readability=\"32\">\n<p>Publi\u00e9 le 02.06.2021 \u00e0 12h31 par Christian Djimadeu<\/p>\n<\/div>\n<div readability=\"61\">\n<h5 class=\"c9\"><strong>Le pays m\u00e8ne la lutte contre ce ph\u00e9nom\u00e8ne \u00e0 l\u2019occasion de la journ\u00e9e \u00a0mondiale pour un Tourisme<\/strong> responsable <strong>qui se c\u00e9l\u00e8bre ce 2 juin 2021.<\/strong><\/h5>\n<p class=\"c10\">Le th\u00e8me de cette 15<sup>e<\/sup> journ\u00e9e mondiale du Tourisme est\u00a0: \u00ab<em>Non au tourisme sexuel, crime sans fronti\u00e8re<\/em>\u00bb. Il s\u2019agit d\u2019un type de tourisme qui regroupe les individus qui voyagent dans le but d\u2019avoir des relations sexuelles, souvent n\u00e9goci\u00e9es, soit entre voyageurs, soit avec les populations locales, et particuli\u00e8rement les jeunes.<\/p>\n<p class=\"c10\">Le \u00a0<strong>Lac Tison<\/strong>, situ\u00e9 dans la commune de\u00a0<strong>Ngaound\u00e9r\u00e9 1<\/strong><strong><sup>er<\/sup><\/strong><strong>, r\u00e9gion de l\u2019Adamaoua,<\/strong> \u00a0sert de cadre \u00e0 la c\u00e9l\u00e9bration de la 15\u00e8me \u00e9dition. Le Ministre d\u2019Etat, Ministre du Tourisme et des Loisirs\u00a0<strong>Bello Bouba Maigari,<\/strong>\u00a0saisira l\u2019occasion pour interpeller les acteurs du tourisme, aux bonnes pratiques n\u00e9cessaires \u00e0 la p\u00e9rennisation d\u2019un tourisme responsable dans le monde.<\/p>\n<p class=\"c10\">Suivant les donn\u00e9es officielles, le tourisme repr\u00e9sente 3% du\u00a0<strong>Produit Int\u00e9rieur Brut<\/strong>\u00a0(PIB), et joue un r\u00f4le non n\u00e9gligeable dans la cr\u00e9ation des emplois dans le pays. Le gouvernement dit vouloir, plus que par le pass\u00e9, promouvoir ce secteur, et accroitre le potentiel touristique sur l\u2019ensemble des dix r\u00e9gions.<\/p>\n<\/div>\n<p>Auteur: Christian DJIMADEU<br \/>\n<a href=\"https:\/\/www.journalducameroun.com\/cameroun-le-tourisme-sexuel-considere-comme-un-crime-sans-frontiere-cameroun\/\">Cliquez ici pour lire l&rsquo;article depuis sa source.<\/a><\/p>\n","protected":false},"excerpt":{"rendered":"<p>Publi\u00e9 le 02.06.2021 \u00e0 12h31 par Christian Djimadeu Le pays m\u00e8ne la lutte contre ce ph\u00e9nom\u00e8ne \u00e0 l\u2019occasion de la journ\u00e9e \u00a0mondiale pour un Tourisme responsable qui se c\u00e9l\u00e8bre ce 2 juin 2021. Le th\u00e8me de cette 15e journ\u00e9e mondiale du Tourisme est\u00a0: \u00abNon au tourisme sexuel, crime sans fronti\u00e8re\u00bb. Il s\u2019agit d\u2019un type de [&hellip;]<\/p>\n","protected":false},"author":1965,"featured_media":0,"comment_status":"closed","ping_status":"closed","sticky":false,"template":"","format":"standard","meta":{"fifu_image_url":"","fifu_image_alt":"","footnotes":""},"categories":[73,82],"tags":[],"class_list":["post-117831","post","type-post","status-publish","format-standard","hentry","category-actualite","category-cameroun"],"_links":{"self":[{"href":"https:\/\/linitiative.ca\/International\/wp-json\/wp\/v2\/posts\/117831","targetHints":{"allow":["GET"]}}],"collection":[{"href":"https:\/\/linitiative.ca\/International\/wp-json\/wp\/v2\/posts"}],"about":[{"href":"https:\/\/linitiative.ca\/International\/wp-json\/wp\/v2\/types\/post"}],"author":[{"embeddable":true,"href":"https:\/\/linitiative.ca\/International\/wp-json\/wp\/v2\/users\/1965"}],"replies":[{"embeddable":true,"href":"https:\/\/linitiative.ca\/International\/wp-json\/wp\/v2\/comments?post=117831"}],"version-history":[{"count":0,"href":"https:\/\/linitiative.ca\/International\/wp-json\/wp\/v2\/posts\/117831\/revisions"}],"wp:attachment":[{"href":"https:\/\/linitiative.ca\/International\/wp-json\/wp\/v2\/media?parent=117831"}],"wp:term":[{"taxonomy":"category","embeddable":true,"href":"https:\/\/linitiative.ca\/International\/wp-json\/wp\/v2\/categories?post=117831"},{"taxonomy":"post_tag","embeddable":true,"href":"https:\/\/linitiative.ca\/International\/wp-json\/wp\/v2\/tags?post=117831"}],"curies":[{"name":"wp","href":"https:\/\/api.w.org\/{rel}","templated":true}]}}