{"id":117832,"date":"2021-06-02T06:35:40","date_gmt":"2021-06-02T10:35:40","guid":{"rendered":"https:\/\/linitiative.ca\/International\/emerging-mediterranean-le-deuxieme-cycle-lance\/"},"modified":"2021-06-02T06:35:40","modified_gmt":"2021-06-02T10:35:40","slug":"emerging-mediterranean-le-deuxieme-cycle-lance","status":"publish","type":"post","link":"https:\/\/linitiative.ca\/International\/emerging-mediterranean-le-deuxieme-cycle-lance\/","title":{"rendered":"Emerging Mediterranean : le deuxi\u00e8me cycle lanc\u00e9"},"content":{"rendered":"<p><strong>L\u2019appel \u00e0 candidatures est ouvert \u00e0 toutes les startups bas\u00e9es au Maroc, Mauritanie, Alg\u00e9rie, Tunisie et\u00a0 Libye ayant plus de 18 mois d\u2019existence.<\/strong><\/p>\n<div class=\"c10\">\n<\/div>\n<p>Fruit des travaux r\u00e9alis\u00e9s durant les forums pr\u00e9paratoires du Sommet des deux rives et b\u00e9n\u00e9ficiant du soutien de l\u2019Agence Fran\u00e7aise de D\u00e9veloppement, <a href=\"https:\/\/emergingmediterranean.co\/\" target=\"_blank\" rel=\"noreferrer noopener\">Emerging Mediterranean<\/a>, cr\u00e9\u00e9 par Samir Abdelkrim en 2020, vise \u00e0 d\u00e9multiplier l\u2019impact des startups m\u00e9diterran\u00e9ennes qui contribuent \u00e0 la r\u00e9silience de leurs soci\u00e9t\u00e9s. Apr\u00e8s un premier cycle 2020 ayant mis en lumi\u00e8re une forte demande d\u2019accompagnement des entrepreneur(e)s en M\u00e9diterran\u00e9e, Emerging Mediterranean lance son deuxi\u00e8me appel \u00e0 candidatures pour identifier, acc\u00e9l\u00e9rer et faire conna\u00eetre les p\u00e9pites technologiques de la Tech For Good dans les pays de la Rive Sud du 5+5\u00a0: Maroc, Alg\u00e9rie, Libye, Mauritanie et Tunisie s\u2019engageant sur l\u2019une des th\u00e9matiques suivantes : e-sant\u00e9, climat, mobilit\u00e9, agritech, \u00e9conomie sociale et solidaire. Les porteurs de projet ont jusqu\u2019au 27 juin 2021 pour soumettre leur candidature.<\/p>\n<p><strong>Lire aussi | <a href=\"https:\/\/www.challenge.ma\/exportations-automobiles-un-secteur-en-hausse-de-626-a-fin-avril-186698\/\" target=\"_blank\" rel=\"noreferrer noopener\">Exportations automobiles : un secteur en hausse de 62,6% \u00e0 fin avril<\/a><\/strong><\/p>\n<p>Cet appel \u00e0 candidatures marque ainsi le coup d\u2019envoi du deuxi\u00e8me cycle Emerging Mediterranean. Celui-ci sera rythm\u00e9, tout au long de l\u2019ann\u00e9e par de nombreux temps forts dont l\u2019objectif est d\u2019ouvrir le d\u00e9bat, de valoriser la Communaut\u00e9 m\u00e9diterran\u00e9enne \u00e0 impact et de mettre en lumi\u00e8re les recommandations de la soci\u00e9t\u00e9 civile quant aux mesures \u00e0 mettre en \u0153uvre pour faire de la M\u00e9diterran\u00e9e l\u2019un des principaux hubs mondiaux de la Tech for Good.<\/p>\n<p>Auteur: challenge<br \/>\n<a href=\"https:\/\/www.challenge.ma\/emerging-mediterranean-le-deuxieme-cycle-lance-186709\/\">Cliquez ici pour lire l&rsquo;article depuis sa source.<\/a><\/p>\n","protected":false},"excerpt":{"rendered":"<p>L\u2019appel \u00e0 candidatures est ouvert \u00e0 toutes les startups bas\u00e9es au Maroc, Mauritanie, Alg\u00e9rie, Tunisie et\u00a0 Libye ayant plus de 18 mois d\u2019existence. Fruit des travaux r\u00e9alis\u00e9s durant les forums pr\u00e9paratoires du Sommet des deux rives et b\u00e9n\u00e9ficiant du soutien de l\u2019Agence Fran\u00e7aise de D\u00e9veloppement, Emerging Mediterranean, cr\u00e9\u00e9 par Samir Abdelkrim en 2020, vise \u00e0 [&hellip;]<\/p>\n","protected":false},"author":1787,"featured_media":0,"comment_status":"closed","ping_status":"closed","sticky":false,"template":"","format":"standard","meta":{"fifu_image_url":"","fifu_image_alt":"","footnotes":""},"categories":[78,54],"tags":[],"class_list":["post-117832","post","type-post","status-publish","format-standard","hentry","category-economie","category-maroc"],"_links":{"self":[{"href":"https:\/\/linitiative.ca\/International\/wp-json\/wp\/v2\/posts\/117832","targetHints":{"allow":["GET"]}}],"collection":[{"href":"https:\/\/linitiative.ca\/International\/wp-json\/wp\/v2\/posts"}],"about":[{"href":"https:\/\/linitiative.ca\/International\/wp-json\/wp\/v2\/types\/post"}],"author":[{"embeddable":true,"href":"https:\/\/linitiative.ca\/International\/wp-json\/wp\/v2\/users\/1787"}],"replies":[{"embeddable":true,"href":"https:\/\/linitiative.ca\/International\/wp-json\/wp\/v2\/comments?post=117832"}],"version-history":[{"count":0,"href":"https:\/\/linitiative.ca\/International\/wp-json\/wp\/v2\/posts\/117832\/revisions"}],"wp:attachment":[{"href":"https:\/\/linitiative.ca\/International\/wp-json\/wp\/v2\/media?parent=117832"}],"wp:term":[{"taxonomy":"category","embeddable":true,"href":"https:\/\/linitiative.ca\/International\/wp-json\/wp\/v2\/categories?post=117832"},{"taxonomy":"post_tag","embeddable":true,"href":"https:\/\/linitiative.ca\/International\/wp-json\/wp\/v2\/tags?post=117832"}],"curies":[{"name":"wp","href":"https:\/\/api.w.org\/{rel}","templated":true}]}}