{"id":117833,"date":"2021-06-02T04:52:06","date_gmt":"2021-06-02T08:52:06","guid":{"rendered":"https:\/\/linitiative.ca\/International\/au-comite-de-pilotage-de-la-campagne-de-vaccination-des-questions-en-quete-de-reponses\/"},"modified":"2021-06-02T04:52:06","modified_gmt":"2021-06-02T08:52:06","slug":"au-comite-de-pilotage-de-la-campagne-de-vaccination-des-questions-en-quete-de-reponses","status":"publish","type":"post","link":"https:\/\/linitiative.ca\/International\/au-comite-de-pilotage-de-la-campagne-de-vaccination-des-questions-en-quete-de-reponses\/","title":{"rendered":"Au comit\u00e9 de pilotage de la campagne de vaccination: Des questions en qu\u00eate de r\u00e9ponses !"},"content":{"rendered":"<p class=\"rtejustify\">Sans revenir sur l\u2019impact humain, sanitaire et \u00e9conomique dramatique du retard pris dans le lancement de la campagne nationale de vaccination,<\/p>\n<p class=\"rtejustify\">Sans retour sur l\u2019incidence psychologique d\u2019un tel retard sur le comportemental des Tunisiens \u00e0 \u00a0l\u2019\u00e9gard de la vaccination caract\u00e9ris\u00e9e par un scepticisme de plus en plus croissant !<\/p>\n<p class=\"rtejustify\">Le faisceau de questionnement propos\u00e9 dans cet article se focalise sur la typologie des vaccins en cours d\u2019administration.<\/p>\n<p>1) Comment expliquer l\u2019\u00e9clipse soudaine du vaccin russe Spoutnik V dans le process d\u2019approvisionnement des vaccins ? Bien que ce vaccin ait le m\u00e9rite au moins de sauver la face du pays \u00e0 un moment critique !<\/p>\n<p class=\"rtejustify\">2) Idem pour le seuil de pr\u00e9sence des vaccins chinois jug\u00e9 trop faible comparativement aux autres vaccins en cours d\u2019administration !<\/p>\n<p class=\"rtejustify\">3) Pourquoi ce focus en terme de commande sur Pfizer et Astrazeneka?<\/p>\n<p class=\"rtejustify\">4) Est-ce un choix \u00e9dict\u00e9 par l\u2019initiative COVAX ou bas\u00e9 strictement sur des consid\u00e9rations scientifiques, logistiques ou de lobbying ?<\/p>\n<p class=\"rtejustify\">5) En d\u00e9pit de sa r\u00e9putation douteuse, comment expliquer la posture \u00e0 poursuivre l\u2019administration de l\u2019AstraZeneca ? Sachant que ce vaccin suscite encore une vive \u00a0controverse au sein de la communaut\u00e9 scientifique internationale et suspendu dans un nombre de pays r\u00e9put\u00e9s par la haute qualit\u00e9 de leurs syst\u00e8mes sanitaires (Danemark, Norv\u00e8ge etc.)<\/p>\n<p class=\"rtejustify\">6) Comment peut-on parler d\u2019une strat\u00e9gie de prioritarisation (que ce soit en fonction de la tranche d\u2019\u00e2ge ou d\u2019ordre sectoriel) dans une situation presque de quasi-p\u00e9nurie \u00a0de vaccins comparativement \u00e0 nos besoins sp\u00e9cifiques en termes de vaccin ?<\/p>\n<p class=\"rtejustify\">7) A l\u2019instar de l\u2019Algerie, est-ce pertinent de ne pas songer \u00e1 une strat\u00e9gie \u00ab d\u2019appropriation p\u00e9renne \u00bb des vaccins anti-Covid via des partenariats de transfert technologique ?<\/p>\n<p class=\"rtejustify\">8) Pour en finir la boucle, le laxisme vaccinatoire y est-il pour quelque chose dans la recrudescence actuelle de la pand\u00e9mie ?<\/p>\n<p class=\"rtejustify\">A bon entendeur !<\/p>\n<p>espacemanage<\/p>\n<div class=\"wp-post-author-wrap wp-post-author-shortcode left\">\n<h3 class=\"awpa-title\"\/>\n<div class=\"wp-post-author\">\n<div class=\"awpa-img awpa-author-block square\"><a href=\"http:\/\/lexpertjournal.net\/fr\/?author=5\"><img loading=\"lazy\" decoding=\"async\" alt=\"\" src=\"http:\/\/0.gravatar.com\/avatar\/97f8e10a1c1125ba104a76514ee07b16?s=150&amp;d=mm&amp;r=g\" srcset=\"http:\/\/0.gravatar.com\/avatar\/97f8e10a1c1125ba104a76514ee07b16?s=300&amp;d=mm&amp;r=g 2x\" class=\"avatar avatar-150 photo\" height=\"150\" width=\"150\"\/><\/a><\/div>\n<\/div>\n<\/div>\n<aside class=\"mashsb-container mashsb-main mashsb-stretched\">\n<\/aside>\n<p>Auteur: L&rsquo;expert<br \/>\n<a href=\"http:\/\/lexpertjournal.net\/fr\/?p=20212\">Cliquez ici pour lire l&rsquo;article depuis sa source.<\/a><\/p>\n","protected":false},"excerpt":{"rendered":"<p>Sans revenir sur l\u2019impact humain, sanitaire et \u00e9conomique dramatique du retard pris dans le lancement de la campagne nationale de vaccination, Sans retour sur l\u2019incidence psychologique d\u2019un tel retard sur le comportemental des Tunisiens \u00e0 \u00a0l\u2019\u00e9gard de la vaccination caract\u00e9ris\u00e9e par un scepticisme de plus en plus croissant ! Le faisceau de questionnement propos\u00e9 dans [&hellip;]<\/p>\n","protected":false},"author":1775,"featured_media":0,"comment_status":"closed","ping_status":"closed","sticky":false,"template":"","format":"standard","meta":{"fifu_image_url":"http:\/\/0.gravatar.com\/avatar\/97f8e10a1c1125ba104a76514ee07b16?s=150&d=mm&r=g","fifu_image_alt":"Au comit\u00e9 de pilotage de la campagne de vaccination: Des questions en qu\u00eate de r\u00e9ponses !","footnotes":""},"categories":[78,55],"tags":[],"class_list":["post-117833","post","type-post","status-publish","format-standard","hentry","category-economie","category-tunisie"],"_links":{"self":[{"href":"https:\/\/linitiative.ca\/International\/wp-json\/wp\/v2\/posts\/117833","targetHints":{"allow":["GET"]}}],"collection":[{"href":"https:\/\/linitiative.ca\/International\/wp-json\/wp\/v2\/posts"}],"about":[{"href":"https:\/\/linitiative.ca\/International\/wp-json\/wp\/v2\/types\/post"}],"author":[{"embeddable":true,"href":"https:\/\/linitiative.ca\/International\/wp-json\/wp\/v2\/users\/1775"}],"replies":[{"embeddable":true,"href":"https:\/\/linitiative.ca\/International\/wp-json\/wp\/v2\/comments?post=117833"}],"version-history":[{"count":0,"href":"https:\/\/linitiative.ca\/International\/wp-json\/wp\/v2\/posts\/117833\/revisions"}],"wp:attachment":[{"href":"https:\/\/linitiative.ca\/International\/wp-json\/wp\/v2\/media?parent=117833"}],"wp:term":[{"taxonomy":"category","embeddable":true,"href":"https:\/\/linitiative.ca\/International\/wp-json\/wp\/v2\/categories?post=117833"},{"taxonomy":"post_tag","embeddable":true,"href":"https:\/\/linitiative.ca\/International\/wp-json\/wp\/v2\/tags?post=117833"}],"curies":[{"name":"wp","href":"https:\/\/api.w.org\/{rel}","templated":true}]}}