{"id":117834,"date":"2021-06-02T04:17:10","date_gmt":"2021-06-02T08:17:10","guid":{"rendered":"https:\/\/linitiative.ca\/International\/la-cgem-se-penche-sur-le-nouveau-cadre-de-partenariat-avec-lue\/"},"modified":"2021-06-02T04:17:10","modified_gmt":"2021-06-02T08:17:10","slug":"la-cgem-se-penche-sur-le-nouveau-cadre-de-partenariat-avec-lue","status":"publish","type":"post","link":"https:\/\/linitiative.ca\/International\/la-cgem-se-penche-sur-le-nouveau-cadre-de-partenariat-avec-lue\/","title":{"rendered":"La CGEM se penche sur le nouveau cadre de partenariat avec l\u2019UE"},"content":{"rendered":"<p class=\"rtejustify\"><em>CP: L&rsquo;Economiste<\/em><\/p>\n<p class=\"rtejustify\">Le patronat a r\u00e9uni, mardi, ses f\u00e9d\u00e9rations sectorielles pour \u00e9changer sur le nouveau cadre de partenariat avec l\u2019Union Europ\u00e9enne. Cette rencontre virtuelle a permis de formuler des propositions \u00ab concr\u00e8tes \u00bb pour r\u00e9colter les b\u00e9n\u00e9fices de relations commerciales et d&rsquo;investissement plus libres et plus \u00e9quitables avec l&rsquo;UE.<\/p>\n<p class=\"rtejustify\">La Conf\u00e9d\u00e9ration g\u00e9n\u00e9rale des entreprises du Maroc (CGEM) affirme vouloir jouer un r\u00f4le \u00ab\u00a0proactif et f\u00e9d\u00e9rateur\u00a0\u00bb dans les relations \u00e9conomiques et commerciales entre le Maroc et l&rsquo;UE qui trace sa nouvelle strat\u00e9gie commerciale post-Covid 19, a affirm\u00e9 le pr\u00e9sident du Patronat, Chakib Alj. \u00ab\u00a0Notre relation est d\u00e9j\u00e0 forte. L&rsquo;UE repr\u00e9sente plus que 56% du commerce de marchandises du Maroc, plus de 64% des exportations marocaines sont destin\u00e9es \u00e0 l&rsquo;UE et 51% des importations marocaines proviennent de l&rsquo;UE\u00a0\u00bb, a-t-il rappel\u00e9, soulignant que cinq des huit plus gros investisseurs du Maroc proviennent des pays de l&rsquo;UE.<\/p>\n<p class=\"rtejustify\">Pour le pr\u00e9sident de la CGEM, \u00ab il existe aujourd&rsquo;hui une r\u00e9elle opportunit\u00e9 pour stimuler le commerce et les investissements bilat\u00e9raux et promouvoir de nouvelles r\u00e8gles qui reconnaissent l&rsquo;ampleur du d\u00e9veloppement du Maroc au cours de ces derni\u00e8res ann\u00e9es \u00bb.<\/p>\n<p class=\"rtejustify\">Dans ce sens, il a relev\u00e9 que le Maroc, en tant que porte d&rsquo;entr\u00e9e de l&rsquo;UE en Afrique, pourrait \u00eatre le premier pays africain en ligne pour moderniser ses relations commerciales avec l&rsquo;UE.<\/p>\n<p class=\"rtejustify\">\u00a0<\/p>\n<p>Auteur: mbasraoui<br \/>\n<a href=\"https:\/\/www.leconomiste.com\/flash-infos\/la-cgem-se-penche-sur-le-nouveau-cadre-de-partenariat-avec-l-ue\">Cliquez ici pour lire l&rsquo;article depuis sa source.<\/a><\/p>\n","protected":false},"excerpt":{"rendered":"<p>CP: L&rsquo;Economiste Le patronat a r\u00e9uni, mardi, ses f\u00e9d\u00e9rations sectorielles pour \u00e9changer sur le nouveau cadre de partenariat avec l\u2019Union Europ\u00e9enne. Cette rencontre virtuelle a permis de formuler des propositions \u00ab concr\u00e8tes \u00bb pour r\u00e9colter les b\u00e9n\u00e9fices de relations commerciales et d&rsquo;investissement plus libres et plus \u00e9quitables avec l&rsquo;UE. La Conf\u00e9d\u00e9ration g\u00e9n\u00e9rale des entreprises du [&hellip;]<\/p>\n","protected":false},"author":1763,"featured_media":0,"comment_status":"closed","ping_status":"closed","sticky":false,"template":"","format":"standard","meta":{"fifu_image_url":"","fifu_image_alt":"","footnotes":""},"categories":[78,54],"tags":[],"class_list":["post-117834","post","type-post","status-publish","format-standard","hentry","category-economie","category-maroc"],"_links":{"self":[{"href":"https:\/\/linitiative.ca\/International\/wp-json\/wp\/v2\/posts\/117834","targetHints":{"allow":["GET"]}}],"collection":[{"href":"https:\/\/linitiative.ca\/International\/wp-json\/wp\/v2\/posts"}],"about":[{"href":"https:\/\/linitiative.ca\/International\/wp-json\/wp\/v2\/types\/post"}],"author":[{"embeddable":true,"href":"https:\/\/linitiative.ca\/International\/wp-json\/wp\/v2\/users\/1763"}],"replies":[{"embeddable":true,"href":"https:\/\/linitiative.ca\/International\/wp-json\/wp\/v2\/comments?post=117834"}],"version-history":[{"count":0,"href":"https:\/\/linitiative.ca\/International\/wp-json\/wp\/v2\/posts\/117834\/revisions"}],"wp:attachment":[{"href":"https:\/\/linitiative.ca\/International\/wp-json\/wp\/v2\/media?parent=117834"}],"wp:term":[{"taxonomy":"category","embeddable":true,"href":"https:\/\/linitiative.ca\/International\/wp-json\/wp\/v2\/categories?post=117834"},{"taxonomy":"post_tag","embeddable":true,"href":"https:\/\/linitiative.ca\/International\/wp-json\/wp\/v2\/tags?post=117834"}],"curies":[{"name":"wp","href":"https:\/\/api.w.org\/{rel}","templated":true}]}}