{"id":117837,"date":"2021-06-02T06:23:43","date_gmt":"2021-06-02T10:23:43","guid":{"rendered":"https:\/\/linitiative.ca\/International\/quand-les-querelles-intestines-dennahdha-sont-deballees-sur-la-place-publique\/"},"modified":"2021-06-02T06:23:43","modified_gmt":"2021-06-02T10:23:43","slug":"quand-les-querelles-intestines-dennahdha-sont-deballees-sur-la-place-publique","status":"publish","type":"post","link":"https:\/\/linitiative.ca\/International\/quand-les-querelles-intestines-dennahdha-sont-deballees-sur-la-place-publique\/","title":{"rendered":"Quand les querelles intestines d\u2019Ennahdha sont d\u00e9ball\u00e9es sur la place publique"},"content":{"rendered":"<div class=\"td-post-content\">\n<h2>Du jamais vu. L\u2019un des dirigeants du parti islamiste Ennahdha, et non des moindres, d\u00e9ment publiquement son coll\u00e8gue. Lequel n\u2019est autre que le chef du Conseil de la Choura. Cela fait d\u00e9sordre au sein d\u2019un parti o\u00f9 l\u2019omerta est la r\u00e8gle.<\/h2>\n<p>Classique double langage dont les dirigeants du mouvement Ennahdha sont coutumiers? Confrontation d\u2019\u00e9gos entre deux personnalit\u00e9s politiques de premier ordre et du m\u00eame bord? Chiisme au sein du parti islamiste annonciateur de prochaines fissures dans les murs du temple bleu?<\/p>\n<h2>Accusations gravissimes du chef de la Choura d\u2019Ennahdha<\/h2>\n<p>Dans tous les cas de figure, c\u2019est la premi\u00e8re fois que\u00a0<strong>Noureddine Bhiri,\u00a0<\/strong>l\u2019ancien pr\u00e9sident du groupe d\u2019<strong>Ennahdha\u00a0<\/strong>\u00e0 l\u2019ARP et un proche parmi les proches du Cheikh, d\u00e9ment publiquement et d\u2019une mani\u00e8re aussi s\u00e8che son coll\u00e8gue\u00a0<strong>Abdelkarim Harouni<\/strong>, le chef du Conseil de la Choura, la plus haute instance \u00a0dans l\u2019organigramme du parti.<\/p>\n<p>En effet, ce dernier connu pour avoir l\u2019oreille de\u00a0<strong>Rached Ghannouchi,<\/strong>\u00a0a lanc\u00e9 une bombe lors de son passage sur les ondes de Mosa\u00efque fm, le lundi 31 mai dernier. En affirmant que la\u00a0<strong>pr\u00e9sidence de la R\u00e9publique<\/strong>\u00a0a tent\u00e9 d\u2019entraver la derni\u00e8re visite de\u00a0<strong>Hichem Mechichi<\/strong>\u00a0\u00e0 Doha \u00ab comme c\u2019\u00e9tait le cas pour le voisin libyen \u00bb. Ajoutant que la pr\u00e9sidence de la R\u00e9publique avait demand\u00e9 aux responsables qataris de ne pas traiter avec la pr\u00e9sidence du \u00a0gouvernement tunisien. Rien que cela!<\/p>\n<p>\u00ab L\u2019attitude pr\u00e9sidentielle part du principe que la politique \u00e9trang\u00e8re est la chasse gard\u00e9e du chef de l\u2019Etat. Or cette conception est fausse en regard du r\u00e9gime politique en Tunisie. D\u2019ailleurs, les conflits entre les deux t\u00eates de l\u2019Ex\u00e9cutif ne peuvent que ternir l\u2019image de la Tunisie \u00e0 l\u2019\u00e9tranger \u00bb, soulignait-il \u00e0\u00a0<em>Midi Show<\/em>.<\/p>\n<p>\u00ab Le 16 mai, Hichem Mechichi allait rendre visite au Premier ministre libyen. Mais le pr\u00e9sident de la R\u00e9publique d\u00e9cida le m\u00eame jour de se rendre \u00e0 Tripoli \u00bb. Le dirigeant nahdhaoui a \u00e9galement soutenu que le pr\u00e9sident de la R\u00e9publique avait d\u00e9cid\u00e9 sa visite en Libye quelques heures avant le d\u00e9part de Hichem Mechichi. \u00ab Le pr\u00e9sident de la R\u00e9publique a juste sabot\u00e9 la visite du chef du gouvernement et n\u2019a fait que la retarder. Il est parti pour une visite de trois heures, sans qu\u2019il n\u2019y ait de r\u00e9sultats concrets. Pourtant, il a effectu\u00e9 une\u00a0<a href=\"https:\/\/www.leconomistemaghrebin.com\/2021\/04\/13\/noureddine-bhiri-conflits-internes-egypte-concernent\/\" target=\"_blank\" rel=\"noopener noreferrer\">visite de trois jours en Egypte<\/a>\u00a0\u00bb, poursuivait-il.<\/p>\n<p>Ainsi, Ka\u00efs Sa\u00efed aurait br\u00fbl\u00e9 la politesse \u00e0 son chef de gouvernement par une perfide man\u0153uvre. Dixit Abdelkarim Harouni.<\/p>\n<h2>D\u00e9menti cinglant<\/h2>\n<p>Une journ\u00e9e plus tard, Noureddine Bhiri s\u2019empressa de monter au cr\u00e9neau pour d\u00e9noncer, sans jamais citer le chef du conseil de la choura, ce genre d\u2019all\u00e9gation \u00ab d\u00e9nu\u00e9e de tout fondement \u00bb.<\/p>\n<p>Fait \u00e9trange, il a m\u00eame vol\u00e9 au secours de Ka\u00efs Sa\u00efed, l\u2019ennemi jur\u00e9 de son patron. \u00ab Rien ne justifie ces accusations visant le chef de l\u2019Etat dont le r\u00f4le naturel consiste \u00e0 servir les int\u00e9r\u00eats de l\u2019Etat tunisien \u00bb. Ainsi martelait M. Bhiri au micro de Hatem Ben Amara dans l\u2019\u00e9mission\u00a0<em>Yaoum Sa\u00efd<\/em>\u00a0sur la Radio nationale. Sans r\u00e9sister au plaisir de pointer du doigt les m\u00e9diats coupables \u00e0 ses yeux de chercher \u00e0 attiser le feu entre la pr\u00e9sidence de la R\u00e9publique et le palais du Bardo.<\/p>\n<h2>Le bon et le m\u00e9chant flic<\/h2>\n<p>Morale de l\u2019histoire. Tout porte \u00e0 croire qu\u2019il s\u2019agit d\u2019un jeu de partition orchestr\u00e9 au plus haut niveau du parti islamiste. Le chef du Conseil de la Choura ayant pouss\u00e9 le bouchon trop loin en accusant le pr\u00e9sident de la R\u00e9publique de porter atteinte aux int\u00e9r\u00eats supr\u00eames de l\u2019Etat, donc passible de haute trahison. Son coll\u00e8gue Noureddine Bhiri s\u2019est empress\u00e9 d\u2019\u00e9teindre le feu, quitte \u00e0 le d\u00e9mentir publiquement.<\/p>\n<\/div>\n<footer>\n<div class=\"td-post-source-tags\">\n<ul class=\"td-tags td-post-small-box clearfix\">\n<li><strong>leconomistemaghrebin<\/strong><\/li>\n<\/ul>\n<\/div>\n<\/footer>\n<div class=\"wp-post-author-wrap wp-post-author-shortcode left\">\n<h3 class=\"awpa-title\"\/>\n<div class=\"wp-post-author\">\n<div class=\"awpa-img awpa-author-block square\"><a href=\"http:\/\/lexpertjournal.net\/fr\/?author=5\"><img loading=\"lazy\" decoding=\"async\" alt=\"\" src=\"http:\/\/0.gravatar.com\/avatar\/97f8e10a1c1125ba104a76514ee07b16?s=150&amp;d=mm&amp;r=g\" srcset=\"http:\/\/0.gravatar.com\/avatar\/97f8e10a1c1125ba104a76514ee07b16?s=300&amp;d=mm&amp;r=g 2x\" class=\"avatar avatar-150 photo\" height=\"150\" width=\"150\"\/><\/a><\/div>\n<\/div>\n<\/div>\n<aside class=\"mashsb-container mashsb-main mashsb-stretched\">\n<\/aside>\n<p>Auteur: L&rsquo;expert<br \/>\n<a href=\"http:\/\/lexpertjournal.net\/fr\/?p=20216\">Cliquez ici pour lire l&rsquo;article depuis sa source.<\/a><\/p>\n","protected":false},"excerpt":{"rendered":"<p>Du jamais vu. L\u2019un des dirigeants du parti islamiste Ennahdha, et non des moindres, d\u00e9ment publiquement son coll\u00e8gue. Lequel n\u2019est autre que le chef du Conseil de la Choura. Cela fait d\u00e9sordre au sein d\u2019un parti o\u00f9 l\u2019omerta est la r\u00e8gle. Classique double langage dont les dirigeants du mouvement Ennahdha sont coutumiers? Confrontation d\u2019\u00e9gos entre [&hellip;]<\/p>\n","protected":false},"author":1775,"featured_media":0,"comment_status":"closed","ping_status":"closed","sticky":false,"template":"","format":"standard","meta":{"fifu_image_url":"http:\/\/0.gravatar.com\/avatar\/97f8e10a1c1125ba104a76514ee07b16?s=150&d=mm&r=g","fifu_image_alt":"Quand les querelles intestines d\u2019Ennahdha sont d\u00e9ball\u00e9es sur la place publique","footnotes":""},"categories":[78,55],"tags":[],"class_list":["post-117837","post","type-post","status-publish","format-standard","hentry","category-economie","category-tunisie"],"_links":{"self":[{"href":"https:\/\/linitiative.ca\/International\/wp-json\/wp\/v2\/posts\/117837","targetHints":{"allow":["GET"]}}],"collection":[{"href":"https:\/\/linitiative.ca\/International\/wp-json\/wp\/v2\/posts"}],"about":[{"href":"https:\/\/linitiative.ca\/International\/wp-json\/wp\/v2\/types\/post"}],"author":[{"embeddable":true,"href":"https:\/\/linitiative.ca\/International\/wp-json\/wp\/v2\/users\/1775"}],"replies":[{"embeddable":true,"href":"https:\/\/linitiative.ca\/International\/wp-json\/wp\/v2\/comments?post=117837"}],"version-history":[{"count":0,"href":"https:\/\/linitiative.ca\/International\/wp-json\/wp\/v2\/posts\/117837\/revisions"}],"wp:attachment":[{"href":"https:\/\/linitiative.ca\/International\/wp-json\/wp\/v2\/media?parent=117837"}],"wp:term":[{"taxonomy":"category","embeddable":true,"href":"https:\/\/linitiative.ca\/International\/wp-json\/wp\/v2\/categories?post=117837"},{"taxonomy":"post_tag","embeddable":true,"href":"https:\/\/linitiative.ca\/International\/wp-json\/wp\/v2\/tags?post=117837"}],"curies":[{"name":"wp","href":"https:\/\/api.w.org\/{rel}","templated":true}]}}