{"id":117839,"date":"2021-06-02T08:18:02","date_gmt":"2021-06-02T12:18:02","guid":{"rendered":"https:\/\/linitiative.ca\/International\/maroc-la-bad-souligne-limportance-des-sauvegardes-sociales-et-environnementales-pour-une-relance-plus-inclusive\/"},"modified":"2021-06-02T08:18:02","modified_gmt":"2021-06-02T12:18:02","slug":"maroc-la-bad-souligne-limportance-des-sauvegardes-sociales-et-environnementales-pour-une-relance-plus-inclusive","status":"publish","type":"post","link":"https:\/\/linitiative.ca\/International\/maroc-la-bad-souligne-limportance-des-sauvegardes-sociales-et-environnementales-pour-une-relance-plus-inclusive\/","title":{"rendered":"Maroc : la BAD souligne l\u2019importance des sauvegardes sociales et environnementales pour une relance plus inclusive"},"content":{"rendered":"<div readability=\"32\">\n<p>Publi\u00e9 le 02.06.2021 \u00e0 13h18 par APA News<\/p>\n<\/div>\n<div readability=\"107\">\n<p>La Banque africaine de d\u00e9veloppement (BAD) organise, du 1er au 3 juin, un s\u00e9minaire sur les sauvegardes sociales et environnementales qui encadrent ses op\u00e9rations dans le Royaume.Tenu en distanciel, l\u2019atelier a r\u00e9uni plus d\u2019une centaine de participants et experts des agences d\u2019ex\u00e9cution et des unit\u00e9s de gestion de projets financ\u00e9s par la Banque.<\/p>\n<p>Cet atelier, organis\u00e9 en partenariat avec les autorit\u00e9s marocaines, a pour principal objectif de renforcer la prise en compte des mesures sociales et environnementales dans la gestion op\u00e9rationnelle des projets actifs et en pr\u00e9paration, indique un communiqu\u00e9 de la BAD parvenu \u00e0 APA.<\/p>\n<p>Il a contribu\u00e9 \u00e0 sensibiliser les parties prenantes sur les exigences de la l\u00e9gislation nationale applicable aux op\u00e9rations et dans les accords de financement.<\/p>\n<p>Le s\u00e9minaire a \u00e9galement favoris\u00e9 une meilleure appropriation des r\u00f4les et responsabilit\u00e9s dans la mise en \u0153uvre et le suivi des mesures environnementales et sociales des projets. D\u2019autres dimensions ont pu \u00eatre appr\u00e9hend\u00e9es, li\u00e9es notamment \u00e0 l\u2019appropriation du m\u00e9canisme de gestion des recours et du suivi.<\/p>\n<p>A l\u2019ouverture de l\u2019atelier, Brice Mikponhoue, repr\u00e9sentant le responsable-pays de la BAD pour le Maroc, a affirm\u00e9 \u00ab l\u2019engagement de la Banque africaine de d\u00e9veloppement \u00e0 soutenir une relance socialement inclusive et \u00e9cologiquement durable au Maroc. Ce s\u00e9minaire conjoint a renforc\u00e9 l\u2019excellent partenariat que nous entretenons avec nos partenaires marocains pour soutenir encore plus cette dynamique en adoptant les meilleures pratiques en la mati\u00e8re. \u00bb<\/p>\n<p>\u00ab Il est imp\u00e9ratif de consolider le suivi social et environnemental des projets, en particulier dans le contexte actuel de crise que nous traversons \u00bb, a soulign\u00e9, pour sa part, Issa Maman-Sani, directeur du d\u00e9partement des Sauvegardes et de la Conformit\u00e9 \u00e0 la Banque africaine de d\u00e9veloppement.<\/p>\n<p>Les \u00e9changes entre les participants et les experts de la Banque ont permis de r\u00e9pondre aux attentes des institutions publiques marocaines, qui ont soulign\u00e9 la \u00ab n\u00e9cessit\u00e9 d\u2019approfondir davantage la connaissance des m\u00e9canismes et outils de sauvegarde \u00bb afin de \u00ab structurer une nouvelle g\u00e9n\u00e9ration de projets priorisant les dimensions sociales et environnementales, au b\u00e9n\u00e9fice des populations \u00bb.<\/p>\n<p>Les sp\u00e9cialistes de la Banque ont, quant \u00e0 eux, insist\u00e9 sur l\u2019importance des sauvegardes et leurs objectifs respectifs. Leur ma\u00eetrise, ont-ils affirm\u00e9, permet de \u00ab mieux anticiper certains risques op\u00e9rationnels, tout en garantissant la durabilit\u00e9 environnementale et sociale des op\u00e9rations de la Banque qui sont les pr\u00e9alables \u00e0 une croissance inclusive et durable. \u00bb<\/p>\n<p>Ils ont ainsi rappel\u00e9 le d\u00e9ploiement d\u2019un ensemble d\u2019instruments dans le cadre du Syst\u00e8me de sauvegardes int\u00e9gr\u00e9, avec l\u2019objectif de promouvoir le bien-\u00eatre des populations africaines, en ad\u00e9quation avec les cinq priorit\u00e9s strat\u00e9giques de la Banque.<\/p>\n<p>Depuis plus d\u2019un demi-si\u00e8cle, l\u2019engagement total de la Banque africaine de d\u00e9veloppement au Royaume s\u2019\u00e9l\u00e8ve \u00e0 plus de dix milliards d\u2019euros, avec des financements couvrant les secteurs de la sant\u00e9, de l\u2019\u00e9nergie, de l\u2019eau, des transports, du d\u00e9veloppement humain, de l\u2019agriculture et du secteur financier.<\/p>\n<\/div>\n<p>Auteur: APA News<br \/>\n<a href=\"https:\/\/www.journalducameroun.com\/maroc-la-bad-souligne-limportance-des-sauvegardes-sociales-et-environnementales-pour-une-relance-plus-inclusive\/\">Cliquez ici pour lire l&rsquo;article depuis sa source.<\/a><\/p>\n","protected":false},"excerpt":{"rendered":"<p>Publi\u00e9 le 02.06.2021 \u00e0 13h18 par APA News La Banque africaine de d\u00e9veloppement (BAD) organise, du 1er au 3 juin, un s\u00e9minaire sur les sauvegardes sociales et environnementales qui encadrent ses op\u00e9rations dans le Royaume.Tenu en distanciel, l\u2019atelier a r\u00e9uni plus d\u2019une centaine de participants et experts des agences d\u2019ex\u00e9cution et des unit\u00e9s de gestion [&hellip;]<\/p>\n","protected":false},"author":1965,"featured_media":0,"comment_status":"closed","ping_status":"closed","sticky":false,"template":"","format":"standard","meta":{"fifu_image_url":"","fifu_image_alt":"","footnotes":""},"categories":[73,82],"tags":[],"class_list":["post-117839","post","type-post","status-publish","format-standard","hentry","category-actualite","category-cameroun"],"_links":{"self":[{"href":"https:\/\/linitiative.ca\/International\/wp-json\/wp\/v2\/posts\/117839","targetHints":{"allow":["GET"]}}],"collection":[{"href":"https:\/\/linitiative.ca\/International\/wp-json\/wp\/v2\/posts"}],"about":[{"href":"https:\/\/linitiative.ca\/International\/wp-json\/wp\/v2\/types\/post"}],"author":[{"embeddable":true,"href":"https:\/\/linitiative.ca\/International\/wp-json\/wp\/v2\/users\/1965"}],"replies":[{"embeddable":true,"href":"https:\/\/linitiative.ca\/International\/wp-json\/wp\/v2\/comments?post=117839"}],"version-history":[{"count":0,"href":"https:\/\/linitiative.ca\/International\/wp-json\/wp\/v2\/posts\/117839\/revisions"}],"wp:attachment":[{"href":"https:\/\/linitiative.ca\/International\/wp-json\/wp\/v2\/media?parent=117839"}],"wp:term":[{"taxonomy":"category","embeddable":true,"href":"https:\/\/linitiative.ca\/International\/wp-json\/wp\/v2\/categories?post=117839"},{"taxonomy":"post_tag","embeddable":true,"href":"https:\/\/linitiative.ca\/International\/wp-json\/wp\/v2\/tags?post=117839"}],"curies":[{"name":"wp","href":"https:\/\/api.w.org\/{rel}","templated":true}]}}