{"id":117841,"date":"2021-06-01T14:00:00","date_gmt":"2021-06-01T18:00:00","guid":{"rendered":"https:\/\/linitiative.ca\/International\/premiere-comparution-devant-la-justice-espagnole-du-denomme-brahim-ghali\/"},"modified":"2021-06-01T14:00:00","modified_gmt":"2021-06-01T18:00:00","slug":"premiere-comparution-devant-la-justice-espagnole-du-denomme-brahim-ghali","status":"publish","type":"post","link":"https:\/\/linitiative.ca\/International\/premiere-comparution-devant-la-justice-espagnole-du-denomme-brahim-ghali\/","title":{"rendered":"Premi\u00e8re comparution devant la justice espagnole du d\u00e9nomm\u00e9 Brahim Ghali"},"content":{"rendered":"<p class=\"has-text-align-center\"><strong>Poursuivi pour de graves crimes de g\u00e9nocide, torture et terrorisme<\/strong><\/p>\n<p><strong>Le chef des milices du polisario, le d\u00e9nomm\u00e9 Brahim Ghali, poursuivi pour de graves crimes de g\u00e9nocide, torture et terrorisme, a comparu, mardi par vid\u00e9oconf\u00e9rence, devant Santiago Pedraz, juge de l\u2019Audience nationale, la plus haute juridiction p\u00e9nale espagnole, a-t-on appris aupr\u00e8s de sources judiciaires.<\/strong><\/p>\n<p>Deux plaintes majeures ont \u00e9t\u00e9 retenues par la justice espagnole contre le chef des s\u00e9paratistes du polisario, admis depuis le 18 avril dans un h\u00f4pital espagnol dans des conditions obscures sous une fausse identit\u00e9 alg\u00e9rienne.<\/p>\n<p>La premi\u00e8re pour \u201ctortures\u201d est d\u00e9pos\u00e9e par Fadel Breica, qui accuse le chef des s\u00e9paratistes d\u2019\u00eatre le responsable de son enl\u00e8vement durant la p\u00e9riode allant du 18 juin 2019 au 10 novembre de la m\u00eame ann\u00e9e.<\/p>\n<p>La deuxi\u00e8me pour \u201cg\u00e9nocide\u201d, \u201cassassinat\u201d, \u201cterrorisme\u201d, \u201ccrimes contre l\u2019humanit\u00e9\u201d et \u201cenl\u00e8vement\u201d, entre autres, est introduite par l\u2019Association sahraouie bas\u00e9e en Espagne pour la d\u00e9fense des droits de l\u2019Homme (ASADEDH).<\/p>\n<p>Ce repris de justice figure parmi les vingt-huit membres du groupe s\u00e9paratiste et hauts responsables du gouvernement alg\u00e9rien qui ont \u00e9t\u00e9 d\u00e9nonc\u00e9s par l\u2019ASADEDH et d\u2019autres victimes, en ao\u00fbt 2012.<\/p>\n<p>Plusieurs victimes de ce tortionnaire, qui avaient d\u00e9pos\u00e9 des plaintes \u00e0 son encontre, r\u00e9clament aujourd\u2019hui son arrestation et son jugement.<\/p>\n<p>\u00abLa comparution aujourd\u2019hui devant la justice de ce criminel de guerre qui a tortur\u00e9 et assassin\u00e9 des centaines de personnes est une victoire pour ses victimes qui r\u00e9clament que justice soit rendue\u00bb, a d\u00e9clar\u00e9 M. Breica \u00e0 la MAP.<\/p>\n<p>\u00ab Le fait que le d\u00e9nomm\u00e9 Brahim Ghali, responsable de graves crimes pendant 50 ans, soit sur le banc des accus\u00e9s constitue un pas en avant vers le r\u00e9tablissement de la justice\u00bb, a dit M. Breica, pr\u00e9cisant que cette comparution n\u2019est que le d\u00e9but d\u2019un proc\u00e8s qui atteindra \u00e9galement les autres dirigeants de la bande s\u00e9paratiste du polisario.<\/p>\n<p>\u00abNous avons confiance en l\u2019ind\u00e9pendance de la justice espagnole qui prendra les mesures ad\u00e9quates pour que ce criminel r\u00e9ponde de ses actes abjects \u00bb, a-t-il insist\u00e9.<\/p>\n<p>Pour le politologue espagnol Pedro Ignacio Altamirano, victime de menaces de mort prof\u00e9r\u00e9es par des milices du polisario et qui a d\u00e9pos\u00e9 \u00e9galement une plainte contre le d\u00e9nomm\u00e9 Brahim Ghali, cette comparution n\u2019est que le d\u00e9but pour \u00ab rendre justice aux victimes d\u2019un groupe terroriste impliqu\u00e9 dans des actes de g\u00e9nocide et de torture \u00bb.<\/p>\n<p>Cette affaire doit ouvrir la voie au jugement des autres criminels de la direction du polisario qui sont les responsables des crimes commis contre les dissidents, mais aussi contre la population install\u00e9e dans les camps de Tindouf dans des conditions infrahumaines, a fait observer M. Altamirano dans une d\u00e9claration \u00e0 la MAP.<\/p>\n<p>La comparution pour la premi\u00e8re fois du d\u00e9nomm\u00e9 Brahim Ghali d\u00e9voile au grand jour le vrai visage du \u00abpolisario\u00bb incarn\u00e9 par un chef tortionnaire qui a commis des crimes abjects, des actes terroristes, des enl\u00e8vements et de graves violations des droits de l\u2019Homme.<\/p>\n<p>Si elle constitue le pr\u00e9lude d\u2019une premi\u00e8re reconnaissance des droits des victimes et de la responsabilit\u00e9 criminelle et p\u00e9nale de cet individu, elle devrait toutefois s\u2019\u00e9tendre \u00e0 celles et \u00e0 ceux, qui, sans voix dans les camps de Tindouf ou dans les ge\u00f4les du polisario, subissent les pires formes de tortures et de traitements d\u00e9gradants et inhumains.<\/p>\n<p>Auteur: M&rsquo;hammed rahal<br \/>\n<a href=\"http:\/\/albayane.press.ma\/premiere-comparution-devant-la-justice-espagnole-du-denomme-brahim-ghali.html\">Cliquez ici pour lire l&rsquo;article depuis sa source.<\/a><\/p>\n","protected":false},"excerpt":{"rendered":"<p>Poursuivi pour de graves crimes de g\u00e9nocide, torture et terrorisme Le chef des milices du polisario, le d\u00e9nomm\u00e9 Brahim Ghali, poursuivi pour de graves crimes de g\u00e9nocide, torture et terrorisme, a comparu, mardi par vid\u00e9oconf\u00e9rence, devant Santiago Pedraz, juge de l\u2019Audience nationale, la plus haute juridiction p\u00e9nale espagnole, a-t-on appris aupr\u00e8s de sources judiciaires. Deux [&hellip;]<\/p>\n","protected":false},"author":1760,"featured_media":0,"comment_status":"closed","ping_status":"closed","sticky":false,"template":"","format":"standard","meta":{"fifu_image_url":"","fifu_image_alt":"","footnotes":""},"categories":[73,54],"tags":[],"class_list":["post-117841","post","type-post","status-publish","format-standard","hentry","category-actualite","category-maroc"],"_links":{"self":[{"href":"https:\/\/linitiative.ca\/International\/wp-json\/wp\/v2\/posts\/117841","targetHints":{"allow":["GET"]}}],"collection":[{"href":"https:\/\/linitiative.ca\/International\/wp-json\/wp\/v2\/posts"}],"about":[{"href":"https:\/\/linitiative.ca\/International\/wp-json\/wp\/v2\/types\/post"}],"author":[{"embeddable":true,"href":"https:\/\/linitiative.ca\/International\/wp-json\/wp\/v2\/users\/1760"}],"replies":[{"embeddable":true,"href":"https:\/\/linitiative.ca\/International\/wp-json\/wp\/v2\/comments?post=117841"}],"version-history":[{"count":0,"href":"https:\/\/linitiative.ca\/International\/wp-json\/wp\/v2\/posts\/117841\/revisions"}],"wp:attachment":[{"href":"https:\/\/linitiative.ca\/International\/wp-json\/wp\/v2\/media?parent=117841"}],"wp:term":[{"taxonomy":"category","embeddable":true,"href":"https:\/\/linitiative.ca\/International\/wp-json\/wp\/v2\/categories?post=117841"},{"taxonomy":"post_tag","embeddable":true,"href":"https:\/\/linitiative.ca\/International\/wp-json\/wp\/v2\/tags?post=117841"}],"curies":[{"name":"wp","href":"https:\/\/api.w.org\/{rel}","templated":true}]}}