{"id":117843,"date":"2021-06-02T06:45:02","date_gmt":"2021-06-02T10:45:02","guid":{"rendered":"https:\/\/linitiative.ca\/International\/les-mesures-decretees-pendant-laid-nont-pas-ameliore-la-situation-selon-le-comite-scientifique\/"},"modified":"2021-06-02T06:45:02","modified_gmt":"2021-06-02T10:45:02","slug":"les-mesures-decretees-pendant-laid-nont-pas-ameliore-la-situation-selon-le-comite-scientifique","status":"publish","type":"post","link":"https:\/\/linitiative.ca\/International\/les-mesures-decretees-pendant-laid-nont-pas-ameliore-la-situation-selon-le-comite-scientifique\/","title":{"rendered":"\u00ab\u00a0Les mesures d\u00e9cr\u00e9t\u00e9es pendant l\u2019A\u00efd n\u2019ont pas am\u00e9lior\u00e9 la situation\u00a0\u00bb, selon le Comit\u00e9 scientifique"},"content":{"rendered":"<div class=\"field field-name-body field-type-text-with-summary field-label-hidden field-items field-item even\">\n<p class=\"rtejustify\">Les mesures d\u00e9cr\u00e9t\u00e9es pendant l\u2019A\u00efd n\u2019ont pas produit les r\u00e9sultats escompt\u00e9s et n\u2019ont pas permis d\u2019am\u00e9liorer la situation \u00e9pid\u00e9mique ni d\u2019all\u00e9ger les pressions sur les \u00e9tablissements de sant\u00e9\u00a0\u00bb, c\u2019est en tout cas ce qu\u2019a r\u00e9v\u00e9l\u00e9 ce mercredi 2 juin 2021 sur Mosa\u00efque FM le Dr Amenallah Messadi, membre du comit\u00e9 scientifique.<\/p>\n<p class=\"rtejustify\">Messa\u00e2di a d\u00e9plor\u00e9 des indicateurs encore \u00e9lev\u00e9s notamment en termes de d\u00e9c\u00e8s, d\u2019hospitalisations et de taux de positivit\u00e9 des analyses.<\/p>\n<p class=\"rtejustify\">Et d\u2019ajouter \u00ab\u00a0ce qui est redoutable c\u2019est le niveau tr\u00e8s haut des indicateurs, parall\u00e8lement \u00e0 l\u2019arriv\u00e9e de l\u2019\u00e9t\u00e9 et au retour des Tunisiens de l\u2019\u00e9tranger, avec les f\u00eates, mariages et groupements familiaux, propres \u00e0 cette p\u00e9riode, qui favorisent la propagation du virus\u00a0\u00bb.<\/p>\n<\/div>\n<div class=\"wp-post-author-wrap wp-post-author-shortcode left\">\n<h3 class=\"awpa-title\"\/>\n<div class=\"wp-post-author\">\n<div class=\"awpa-img awpa-author-block square\"><a href=\"http:\/\/lexpertjournal.net\/fr\/?author=5\"><img loading=\"lazy\" decoding=\"async\" alt=\"\" src=\"http:\/\/0.gravatar.com\/avatar\/97f8e10a1c1125ba104a76514ee07b16?s=150&amp;d=mm&amp;r=g\" srcset=\"http:\/\/0.gravatar.com\/avatar\/97f8e10a1c1125ba104a76514ee07b16?s=300&amp;d=mm&amp;r=g 2x\" class=\"avatar avatar-150 photo\" height=\"150\" width=\"150\"\/><\/a><\/div>\n<\/div>\n<\/div>\n<aside class=\"mashsb-container mashsb-main mashsb-stretched\">\n<\/aside>\n<p>Auteur: L&rsquo;expert<br \/>\n<a href=\"http:\/\/lexpertjournal.net\/fr\/?p=20220\">Cliquez ici pour lire l&rsquo;article depuis sa source.<\/a><\/p>\n","protected":false},"excerpt":{"rendered":"<p>Les mesures d\u00e9cr\u00e9t\u00e9es pendant l\u2019A\u00efd n\u2019ont pas produit les r\u00e9sultats escompt\u00e9s et n\u2019ont pas permis d\u2019am\u00e9liorer la situation \u00e9pid\u00e9mique ni d\u2019all\u00e9ger les pressions sur les \u00e9tablissements de sant\u00e9\u00a0\u00bb, c\u2019est en tout cas ce qu\u2019a r\u00e9v\u00e9l\u00e9 ce mercredi 2 juin 2021 sur Mosa\u00efque FM le Dr Amenallah Messadi, membre du comit\u00e9 scientifique. Messa\u00e2di a d\u00e9plor\u00e9 des [&hellip;]<\/p>\n","protected":false},"author":1775,"featured_media":0,"comment_status":"closed","ping_status":"closed","sticky":false,"template":"","format":"standard","meta":{"fifu_image_url":"http:\/\/0.gravatar.com\/avatar\/97f8e10a1c1125ba104a76514ee07b16?s=150&d=mm&r=g","fifu_image_alt":"\u00ab\u00a0Les mesures d\u00e9cr\u00e9t\u00e9es pendant l\u2019A\u00efd n\u2019ont pas am\u00e9lior\u00e9 la situation\u00a0\u00bb, selon le Comit\u00e9 scientifique","footnotes":""},"categories":[78,55],"tags":[],"class_list":["post-117843","post","type-post","status-publish","format-standard","hentry","category-economie","category-tunisie"],"_links":{"self":[{"href":"https:\/\/linitiative.ca\/International\/wp-json\/wp\/v2\/posts\/117843","targetHints":{"allow":["GET"]}}],"collection":[{"href":"https:\/\/linitiative.ca\/International\/wp-json\/wp\/v2\/posts"}],"about":[{"href":"https:\/\/linitiative.ca\/International\/wp-json\/wp\/v2\/types\/post"}],"author":[{"embeddable":true,"href":"https:\/\/linitiative.ca\/International\/wp-json\/wp\/v2\/users\/1775"}],"replies":[{"embeddable":true,"href":"https:\/\/linitiative.ca\/International\/wp-json\/wp\/v2\/comments?post=117843"}],"version-history":[{"count":0,"href":"https:\/\/linitiative.ca\/International\/wp-json\/wp\/v2\/posts\/117843\/revisions"}],"wp:attachment":[{"href":"https:\/\/linitiative.ca\/International\/wp-json\/wp\/v2\/media?parent=117843"}],"wp:term":[{"taxonomy":"category","embeddable":true,"href":"https:\/\/linitiative.ca\/International\/wp-json\/wp\/v2\/categories?post=117843"},{"taxonomy":"post_tag","embeddable":true,"href":"https:\/\/linitiative.ca\/International\/wp-json\/wp\/v2\/tags?post=117843"}],"curies":[{"name":"wp","href":"https:\/\/api.w.org\/{rel}","templated":true}]}}