{"id":117845,"date":"2021-06-02T08:05:04","date_gmt":"2021-06-02T12:05:04","guid":{"rendered":"https:\/\/linitiative.ca\/International\/royaume-uni-le-maroc-bientot-sur-la-liste-verte-pour-les-voyages\/"},"modified":"2021-06-02T08:05:04","modified_gmt":"2021-06-02T12:05:04","slug":"royaume-uni-le-maroc-bientot-sur-la-liste-verte-pour-les-voyages","status":"publish","type":"post","link":"https:\/\/linitiative.ca\/International\/royaume-uni-le-maroc-bientot-sur-la-liste-verte-pour-les-voyages\/","title":{"rendered":"Royaume-Uni: Le Maroc bient\u00f4t sur la liste verte pour les voyages"},"content":{"rendered":"<p class=\"rtejustify\">Le Maroc devrait \u00eatre ajout\u00e9 dans la liste des pays s\u00fbrs pour les voyages \u00e0 l\u2019\u00e9tranger par Londres apr\u00e8s l\u2019am\u00e9lioration de la situation sanitaire.<\/p>\n<p class=\"rtejustify\">Selon la presse britannique, 8 destinations seront mises dans cette liste : le Royaume ch\u00e9rifien, les \u00eeles Canaries, la Finlande, la Jama\u00efque, les Bal\u00e9ares, la Barbade, Malte, et la Grenade. Le gouvernement britannique pr\u00e9voit une r\u00e9vision de son syst\u00e8me d\u2019autorisation de voyages \u00e0 l&rsquo;\u00e9tranger.<\/p>\n<p class=\"rtejustify\">La prochaine mise \u00e0 jour aura lieu le 7 juin. Actuellement, la liste comprend 12 pays consid\u00e9r\u00e9s comme s\u00fbrs pour les voyages.<\/p>\n<p class=\"rtejustify\">\u00a0<\/p>\n<p>Auteur: mbasraoui<br \/>\n<a href=\"https:\/\/www.leconomiste.com\/flash-infos\/royaume-uni-le-maroc-bientot-sur-la-liste-verte-pour-les-voyages\">Cliquez ici pour lire l&rsquo;article depuis sa source.<\/a><\/p>\n","protected":false},"excerpt":{"rendered":"<p>Le Maroc devrait \u00eatre ajout\u00e9 dans la liste des pays s\u00fbrs pour les voyages \u00e0 l\u2019\u00e9tranger par Londres apr\u00e8s l\u2019am\u00e9lioration de la situation sanitaire. Selon la presse britannique, 8 destinations seront mises dans cette liste : le Royaume ch\u00e9rifien, les \u00eeles Canaries, la Finlande, la Jama\u00efque, les Bal\u00e9ares, la Barbade, Malte, et la Grenade. Le [&hellip;]<\/p>\n","protected":false},"author":1763,"featured_media":0,"comment_status":"closed","ping_status":"closed","sticky":false,"template":"","format":"standard","meta":{"fifu_image_url":"","fifu_image_alt":"","footnotes":""},"categories":[78,54],"tags":[],"class_list":["post-117845","post","type-post","status-publish","format-standard","hentry","category-economie","category-maroc"],"_links":{"self":[{"href":"https:\/\/linitiative.ca\/International\/wp-json\/wp\/v2\/posts\/117845","targetHints":{"allow":["GET"]}}],"collection":[{"href":"https:\/\/linitiative.ca\/International\/wp-json\/wp\/v2\/posts"}],"about":[{"href":"https:\/\/linitiative.ca\/International\/wp-json\/wp\/v2\/types\/post"}],"author":[{"embeddable":true,"href":"https:\/\/linitiative.ca\/International\/wp-json\/wp\/v2\/users\/1763"}],"replies":[{"embeddable":true,"href":"https:\/\/linitiative.ca\/International\/wp-json\/wp\/v2\/comments?post=117845"}],"version-history":[{"count":0,"href":"https:\/\/linitiative.ca\/International\/wp-json\/wp\/v2\/posts\/117845\/revisions"}],"wp:attachment":[{"href":"https:\/\/linitiative.ca\/International\/wp-json\/wp\/v2\/media?parent=117845"}],"wp:term":[{"taxonomy":"category","embeddable":true,"href":"https:\/\/linitiative.ca\/International\/wp-json\/wp\/v2\/categories?post=117845"},{"taxonomy":"post_tag","embeddable":true,"href":"https:\/\/linitiative.ca\/International\/wp-json\/wp\/v2\/tags?post=117845"}],"curies":[{"name":"wp","href":"https:\/\/api.w.org\/{rel}","templated":true}]}}