{"id":117847,"date":"2021-06-02T08:39:33","date_gmt":"2021-06-02T12:39:33","guid":{"rendered":"https:\/\/linitiative.ca\/International\/equipe-dalgerie-belmadi-plaisante-au-sujet-du-retour-de-youcef-atal\/"},"modified":"2021-06-02T08:39:33","modified_gmt":"2021-06-02T12:39:33","slug":"equipe-dalgerie-belmadi-plaisante-au-sujet-du-retour-de-youcef-atal","status":"publish","type":"post","link":"https:\/\/linitiative.ca\/International\/equipe-dalgerie-belmadi-plaisante-au-sujet-du-retour-de-youcef-atal\/","title":{"rendered":"Equipe d&rsquo;Alg\u00e9rie : Belmadi plaisante au sujet du retour de Youcef Atal"},"content":{"rendered":"<div readability=\"32\">\n<p>Auteur : <span class=\"time\">mardi 01 juin 2021 19:56<\/span><\/p>\n<\/div>\n<div id=\"post_core\" readability=\"48\">\n<p>Le joueur de l&rsquo;OGC Nice signe enfin son retour avec la s\u00e9lection nationale pour le plus grand bonheur du s\u00e9lectionneur Djamel Belmadi qui n\u2019a pas h\u00e9sit\u00e9 \u00e0 chambrer son joueur :<\/p>\n<p>\u00ab\u00a0Cela faisait tellement longtemps que je ne l\u2019avais pas vu avec nous que j\u2019ai demand\u00e9 \u00e0 Atal de chanter comme un nouveau joueur\u00a0\u00bb, a racont\u00e9 le technicien ce mardi en conf\u00e9rence de presse comme le rapporte Afrik-foot.<\/p>\n<p>\u00ab\u00a0Il est d\u00e9termin\u00e9, a pu encha\u00eener un peu avec Nice. Il est \u00e0 un haut niveau, comme Boudaoui qui a connu des blessures. (\u2026) Un joueur comme Youcef Atal est un joueur de haut niveau, il a fait des entra\u00eenements de grande qualit\u00e9 avec nous ces derniers jours et je l\u2019ai rarement vu \u00e0 ce niveau-l\u00e0, il met beaucoup d\u2019envie\u00a0\u00bb, a appr\u00e9ci\u00e9 le technicien.<\/p>\n<p><strong>Publi\u00e9 dans :<\/strong> <span>Atal<\/span><\/p>\n<\/div>\n<p>Auteur:<br \/>\n<a href=\"http:\/\/www.lebuteur.com\/article\/detail?titre=belmadi-plaisante-au-sujet-du-retour-de-youcef-atal&#038;id=100255&#038;utm_source=feedburner&#038;utm_medium=feed&#038;utm_campaign=Feed%3A+GalerieFArtciles+%28Les+derniers+articles++-+lebuteur.com%29\">Cliquez ici pour lire l&rsquo;article depuis sa source.<\/a><\/p>\n","protected":false},"excerpt":{"rendered":"<p>Auteur : mardi 01 juin 2021 19:56 Le joueur de l&rsquo;OGC Nice signe enfin son retour avec la s\u00e9lection nationale pour le plus grand bonheur du s\u00e9lectionneur Djamel Belmadi qui n\u2019a pas h\u00e9sit\u00e9 \u00e0 chambrer son joueur : \u00ab\u00a0Cela faisait tellement longtemps que je ne l\u2019avais pas vu avec nous que j\u2019ai demand\u00e9 \u00e0 Atal [&hellip;]<\/p>\n","protected":false},"author":1738,"featured_media":0,"comment_status":"closed","ping_status":"closed","sticky":false,"template":"","format":"standard","meta":{"fifu_image_url":"\/\/cdn.lebuteur.com\/data\/images\/article\/thumbs\/large-belmadi-plaisante-au-sujet-du-retour-de-youcef-atal-6d90a.jpg","fifu_image_alt":"Equipe d'Alg\u00e9rie : Belmadi plaisante au sujet du retour de Youcef Atal","footnotes":""},"categories":[53,75],"tags":[],"class_list":["post-117847","post","type-post","status-publish","format-standard","hentry","category-algerie","category-sport"],"_links":{"self":[{"href":"https:\/\/linitiative.ca\/International\/wp-json\/wp\/v2\/posts\/117847","targetHints":{"allow":["GET"]}}],"collection":[{"href":"https:\/\/linitiative.ca\/International\/wp-json\/wp\/v2\/posts"}],"about":[{"href":"https:\/\/linitiative.ca\/International\/wp-json\/wp\/v2\/types\/post"}],"author":[{"embeddable":true,"href":"https:\/\/linitiative.ca\/International\/wp-json\/wp\/v2\/users\/1738"}],"replies":[{"embeddable":true,"href":"https:\/\/linitiative.ca\/International\/wp-json\/wp\/v2\/comments?post=117847"}],"version-history":[{"count":0,"href":"https:\/\/linitiative.ca\/International\/wp-json\/wp\/v2\/posts\/117847\/revisions"}],"wp:attachment":[{"href":"https:\/\/linitiative.ca\/International\/wp-json\/wp\/v2\/media?parent=117847"}],"wp:term":[{"taxonomy":"category","embeddable":true,"href":"https:\/\/linitiative.ca\/International\/wp-json\/wp\/v2\/categories?post=117847"},{"taxonomy":"post_tag","embeddable":true,"href":"https:\/\/linitiative.ca\/International\/wp-json\/wp\/v2\/tags?post=117847"}],"curies":[{"name":"wp","href":"https:\/\/api.w.org\/{rel}","templated":true}]}}