{"id":117848,"date":"2021-06-02T07:04:44","date_gmt":"2021-06-02T11:04:44","guid":{"rendered":"https:\/\/linitiative.ca\/International\/consommation-le-mouvement-echaab-denonce-la-flambee-des-prix\/"},"modified":"2021-06-02T07:04:44","modified_gmt":"2021-06-02T11:04:44","slug":"consommation-le-mouvement-echaab-denonce-la-flambee-des-prix","status":"publish","type":"post","link":"https:\/\/linitiative.ca\/International\/consommation-le-mouvement-echaab-denonce-la-flambee-des-prix\/","title":{"rendered":"Consommation : le Mouvement Echaab d\u00e9nonce la flamb\u00e9e des prix"},"content":{"rendered":"<h2>Pour le Mouvement Echaab, les informations qui ont circul\u00e9 mardi quant \u00e0 la d\u00e9cision d\u2019augmenter le prix du sucre sont la goutte d\u2019eau qui fait d\u00e9border le vase!<\/h2>\n<p>Le mouvement Echaab a exprim\u00e9, dans un communiqu\u00e9 publi\u00e9 aujourd\u2019hui, son refus des augmentations des prix. Et notamment en cette p\u00e9riode marqu\u00e9e par une crise sanitaire, la hausse du ch\u00f4mage et le blocage politique. \u00ab\u00a0Le gouvernement Mechichi conduit le pays vers une explosion sociale sans pr\u00e9c\u00e9dent\u00a0\u00bb, met-il en garde.<\/p>\n<p>En effet, \u00ab\u00a0la hausse des prix du transport, des hydrocarbures et des produits alimentaires de base est une d\u00e9claration de guerre contre les citoyens\u2026\u00a0\u00bb, souligne encore le mouvement.<\/p>\n<p>Et d\u2019ajouter que les citoyens impact\u00e9s par cette hausse ont le droit d\u2019exprimer leur refus de ces derni\u00e8res augmentations d\u00e9cid\u00e9es par le gouvernement.<\/p>\n<p><em>E.M<\/em><\/p>\n<p><img loading=\"lazy\" decoding=\"async\" class=\"alignnone wp-image-20225 size-full\" src=\"http:\/\/lexpertjournal.net\/fr\/wp-content\/uploads\/sites\/2\/2021\/06\/193817175_4153976694645668_8852088148059695120_n.png\" alt=\"\" width=\"370\" height=\"523\" srcset=\"http:\/\/lexpertjournal.net\/fr\/wp-content\/uploads\/sites\/2\/2021\/06\/193817175_4153976694645668_8852088148059695120_n.png 370w, http:\/\/lexpertjournal.net\/fr\/wp-content\/uploads\/sites\/2\/2021\/06\/193817175_4153976694645668_8852088148059695120_n-212x300.png 212w\" sizes=\"auto, (max-width: 370px) 100vw, 370px\"\/><\/p>\n<p><strong>leconomistemaghrebin<\/strong><\/p>\n<div class=\"wp-post-author-wrap wp-post-author-shortcode left\">\n<h3 class=\"awpa-title\"\/>\n<div class=\"wp-post-author\">\n<div class=\"awpa-img awpa-author-block square\"><a href=\"http:\/\/lexpertjournal.net\/fr\/?author=5\"><img loading=\"lazy\" decoding=\"async\" alt=\"\" src=\"http:\/\/0.gravatar.com\/avatar\/97f8e10a1c1125ba104a76514ee07b16?s=150&amp;d=mm&amp;r=g\" srcset=\"http:\/\/0.gravatar.com\/avatar\/97f8e10a1c1125ba104a76514ee07b16?s=300&amp;d=mm&amp;r=g 2x\" class=\"avatar avatar-150 photo\" height=\"150\" width=\"150\"\/><\/a><\/div>\n<\/div>\n<\/div>\n<aside class=\"mashsb-container mashsb-main mashsb-stretched\">\n<\/aside>\n<p>Auteur: L&rsquo;expert<br \/>\n<a href=\"http:\/\/lexpertjournal.net\/fr\/?p=20224\">Cliquez ici pour lire l&rsquo;article depuis sa source.<\/a><\/p>\n","protected":false},"excerpt":{"rendered":"<p>Pour le Mouvement Echaab, les informations qui ont circul\u00e9 mardi quant \u00e0 la d\u00e9cision d\u2019augmenter le prix du sucre sont la goutte d\u2019eau qui fait d\u00e9border le vase! Le mouvement Echaab a exprim\u00e9, dans un communiqu\u00e9 publi\u00e9 aujourd\u2019hui, son refus des augmentations des prix. Et notamment en cette p\u00e9riode marqu\u00e9e par une crise sanitaire, la [&hellip;]<\/p>\n","protected":false},"author":1775,"featured_media":0,"comment_status":"closed","ping_status":"closed","sticky":false,"template":"","format":"standard","meta":{"fifu_image_url":"http:\/\/lexpertjournal.net\/fr\/wp-content\/uploads\/sites\/2\/2021\/06\/193817175_4153976694645668_8852088148059695120_n.png","fifu_image_alt":"Consommation : le Mouvement Echaab d\u00e9nonce la flamb\u00e9e des prix","footnotes":""},"categories":[78,55],"tags":[],"class_list":["post-117848","post","type-post","status-publish","format-standard","hentry","category-economie","category-tunisie"],"_links":{"self":[{"href":"https:\/\/linitiative.ca\/International\/wp-json\/wp\/v2\/posts\/117848","targetHints":{"allow":["GET"]}}],"collection":[{"href":"https:\/\/linitiative.ca\/International\/wp-json\/wp\/v2\/posts"}],"about":[{"href":"https:\/\/linitiative.ca\/International\/wp-json\/wp\/v2\/types\/post"}],"author":[{"embeddable":true,"href":"https:\/\/linitiative.ca\/International\/wp-json\/wp\/v2\/users\/1775"}],"replies":[{"embeddable":true,"href":"https:\/\/linitiative.ca\/International\/wp-json\/wp\/v2\/comments?post=117848"}],"version-history":[{"count":0,"href":"https:\/\/linitiative.ca\/International\/wp-json\/wp\/v2\/posts\/117848\/revisions"}],"wp:attachment":[{"href":"https:\/\/linitiative.ca\/International\/wp-json\/wp\/v2\/media?parent=117848"}],"wp:term":[{"taxonomy":"category","embeddable":true,"href":"https:\/\/linitiative.ca\/International\/wp-json\/wp\/v2\/categories?post=117848"},{"taxonomy":"post_tag","embeddable":true,"href":"https:\/\/linitiative.ca\/International\/wp-json\/wp\/v2\/tags?post=117848"}],"curies":[{"name":"wp","href":"https:\/\/api.w.org\/{rel}","templated":true}]}}