{"id":117849,"date":"2021-06-02T06:06:52","date_gmt":"2021-06-02T10:06:52","guid":{"rendered":"https:\/\/linitiative.ca\/International\/pour-celebrer-luefa-euro-2020-vivo-lance-la-nouvelle-campagne-aux-beaux-moments\/"},"modified":"2021-06-02T06:06:52","modified_gmt":"2021-06-02T10:06:52","slug":"pour-celebrer-luefa-euro-2020-vivo-lance-la-nouvelle-campagne-aux-beaux-moments","status":"publish","type":"post","link":"https:\/\/linitiative.ca\/International\/pour-celebrer-luefa-euro-2020-vivo-lance-la-nouvelle-campagne-aux-beaux-moments\/","title":{"rendered":"Pour c\u00e9l\u00e9brer l\u2019UEFA Euro 2020 : Vivo lance la nouvelle campagne \u00abAux beaux moments\u00bb"},"content":{"rendered":"<header>\n<\/header>\n<div class=\"entry-content clearfix\" readability=\"51\">\n<figure class=\"post-thumbnail\" itemprop=\"associatedMedia\" itemscope=\"itemscope\" itemtype=\"http:\/\/schema.org\/ImageObject\"><img decoding=\"async\" class=\"post_layout_5_img\" src=\"http:\/\/aujourdhui.ma\/wp-content\/uploads\/2021\/06\/Vivo-UEFA-Euro-2020.jpg\" alt=\"Pour c\u00e9l\u00e9brer l\u2019UEFA Euro 2020 : Vivo lance la nouvelle campagne \u00abAux beaux moments\u00bb\"\/><\/figure>\n<p><span class=\"c6\"><strong>En tant que smartphone officiel du tournoi, la marque renforce sa volont\u00e9 d\u2019expansion mondiale et de connexion avec les consommateurs par le biais du sport le plus aim\u00e9 au monde et \u00e0 travers la nouvelle campagne \u00abAux beaux moments\u00bb.<\/strong><\/span><br \/><span id=\"more-378037\"\/><\/p>\n<p>Avec cette campagne qui a d\u00e9marr\u00e9 hier mardi et qui sera diffus\u00e9e \u00e0 la t\u00e9l\u00e9vision en Europe, au Moyen-Orient, en Asie du Sud-est et en Chine, et dans le monde entier sur Facebook, Instagram et YouTube, Vivo encourage les gens \u00e0 vivre le moment pr\u00e9sent, que ce soit en se connectant virtuellement avec leurs amis, leurs familles et les autres fans ou en accordant toute leur attention au beau jeu, m\u00eame si cela implique de poser le t\u00e9l\u00e9phone.<br \/>La cr\u00e9ation montre des fans profitant, capturant et partageant de beaux moments avant, apr\u00e8s et entre les matchs, tout en envoyant le message suivant : donnez une pause \u00e0 votre t\u00e9l\u00e9phone et soyez l\u00e0 pour les beaux moments de la vie\u00bb.<br \/>Vivo est le tout premier partenaire pr\u00e9sentateur des c\u00e9r\u00e9monies d\u2019ouverture et de cl\u00f4ture qui auront lieu respectivement le 11 juin et le 11 juillet. La marque a collabor\u00e9 avec l\u2019UEFA pour cr\u00e9er une exp\u00e9rience m\u00e9morable pour les millions de t\u00e9l\u00e9spectateurs du monde entier qui suivront le tournoi.<\/p>\n<\/div>\n<p>Auteur: ALM<br \/>\n<a href=\"https:\/\/aujourdhui.ma\/high-tech\/pour-celebrer-luefa-euro-2020-vivo-lance-la-nouvelle-campagne-aux-beaux-moments\">Cliquez ici pour lire l&rsquo;article depuis sa source.<\/a><\/p>\n","protected":false},"excerpt":{"rendered":"<p>En tant que smartphone officiel du tournoi, la marque renforce sa volont\u00e9 d\u2019expansion mondiale et de connexion avec les consommateurs par le biais du sport le plus aim\u00e9 au monde et \u00e0 travers la nouvelle campagne \u00abAux beaux moments\u00bb. Avec cette campagne qui a d\u00e9marr\u00e9 hier mardi et qui sera diffus\u00e9e \u00e0 la t\u00e9l\u00e9vision en [&hellip;]<\/p>\n","protected":false},"author":1759,"featured_media":0,"comment_status":"closed","ping_status":"closed","sticky":false,"template":"","format":"standard","meta":{"fifu_image_url":"http:\/\/aujourdhui.ma\/wp-content\/uploads\/2021\/06\/Vivo-UEFA-Euro-2020.jpg","fifu_image_alt":"Pour c\u00e9l\u00e9brer l\u2019UEFA Euro 2020 : Vivo lance la nouvelle campagne \u00abAux beaux moments\u00bb","footnotes":""},"categories":[73,54],"tags":[],"class_list":["post-117849","post","type-post","status-publish","format-standard","hentry","category-actualite","category-maroc"],"_links":{"self":[{"href":"https:\/\/linitiative.ca\/International\/wp-json\/wp\/v2\/posts\/117849","targetHints":{"allow":["GET"]}}],"collection":[{"href":"https:\/\/linitiative.ca\/International\/wp-json\/wp\/v2\/posts"}],"about":[{"href":"https:\/\/linitiative.ca\/International\/wp-json\/wp\/v2\/types\/post"}],"author":[{"embeddable":true,"href":"https:\/\/linitiative.ca\/International\/wp-json\/wp\/v2\/users\/1759"}],"replies":[{"embeddable":true,"href":"https:\/\/linitiative.ca\/International\/wp-json\/wp\/v2\/comments?post=117849"}],"version-history":[{"count":0,"href":"https:\/\/linitiative.ca\/International\/wp-json\/wp\/v2\/posts\/117849\/revisions"}],"wp:attachment":[{"href":"https:\/\/linitiative.ca\/International\/wp-json\/wp\/v2\/media?parent=117849"}],"wp:term":[{"taxonomy":"category","embeddable":true,"href":"https:\/\/linitiative.ca\/International\/wp-json\/wp\/v2\/categories?post=117849"},{"taxonomy":"post_tag","embeddable":true,"href":"https:\/\/linitiative.ca\/International\/wp-json\/wp\/v2\/tags?post=117849"}],"curies":[{"name":"wp","href":"https:\/\/api.w.org\/{rel}","templated":true}]}}