{"id":117853,"date":"2021-06-02T06:07:52","date_gmt":"2021-06-02T10:07:52","guid":{"rendered":"https:\/\/linitiative.ca\/International\/la-resilience-et-la-regeneration-territoriale-au-coeur-du-smart-city-casablanca-symposium\/"},"modified":"2021-06-02T06:07:52","modified_gmt":"2021-06-02T10:07:52","slug":"la-resilience-et-la-regeneration-territoriale-au-coeur-du-smart-city-casablanca-symposium","status":"publish","type":"post","link":"https:\/\/linitiative.ca\/International\/la-resilience-et-la-regeneration-territoriale-au-coeur-du-smart-city-casablanca-symposium\/","title":{"rendered":"La r\u00e9silience et la r\u00e9g\u00e9n\u00e9ration territoriale au c\u0153ur du Smart City Casablanca Symposium"},"content":{"rendered":"<header>\n<\/header>\n<div class=\"entry-content clearfix\" readability=\"67\">\n<figure class=\"post-thumbnail\" itemprop=\"associatedMedia\" itemscope=\"itemscope\" itemtype=\"http:\/\/schema.org\/ImageObject\"><img decoding=\"async\" class=\"post_layout_5_img\" src=\"http:\/\/aujourdhui.ma\/wp-content\/uploads\/2021\/06\/Smart-City-Casablanca-Symposium.jpg\" alt=\"La r\u00e9silience et la r\u00e9g\u00e9n\u00e9ration territoriale au c\u0153ur du Smart City Casablanca Symposium\"\/><\/figure>\n<p><span class=\"c6\"><strong>Il se tiendra les 9 et 10 juin 2021<\/strong><\/span><span id=\"more-378039\"\/><\/p>\n<p>Derni\u00e8re ligne droite pour \u00abSmart City Casablanca Symposium\u00bb. Pr\u00e9vu les 9 et 10 juin 2021 \u00e0 Casablanca, cet \u00e9v\u00e9nement f\u00e9d\u00e9rera un large parterre d\u2019experts du Maroc et de l\u2019\u00e9tranger pour \u00e9changer autour des villes intelligentes \u00e0 l\u2019ombre des r\u00e9percussions de la pand\u00e9mie de Covid-19.<\/p>\n<p>Organis\u00e9 par Casablanca Events &amp; Animation en partenariat avec l\u2019Universit\u00e9 Mohammed VI polytechnique-Benguerir et l\u2019Universit\u00e9 Hassan II-Casablanca, ce carrefour d\u2019\u00e9changes et de r\u00e9flexion passera en revue les principales pr\u00e9rogatives des villes intelligentes, notamment Casablanca qui a su s\u2019imposer, au fil des ann\u00e9es, comme un grand Hub africain. \u00abLa th\u00e9matique retenue pour cette ann\u00e9e, \u00e0 savoir \u00abSmart City au service de la r\u00e9silience et la r\u00e9g\u00e9n\u00e9ration territoriale\u00bb, n\u2019est pas un choix anodin. Il est n\u00e9cessaire aujourd\u2019hui d\u2019\u00e9tudier et analyser les diff\u00e9rentes conjonctures travers\u00e9es par les villes et les diff\u00e9rents modes d\u2019adaptation et de r\u00e9silience op\u00e9r\u00e9s pour s\u2019ajuster et continuer de fonctionner, malgr\u00e9 les d\u00e9fis et les challenges impos\u00e9s par la pand\u00e9mie\u00bb, rel\u00e8ve-t-on des organisateurs.<\/p>\n<p>Cette manifestation intervient une ann\u00e9e apr\u00e8s le d\u00e9clanchement de la crise sanitaire ayant chamboul\u00e9 les paradigmes du monde entier. Cette conjoncture in\u00e9dite a en effet interrompu, partout, les processus dynamiques et de fonctionnement, aussi bien niveau social qu\u2019au niveau \u00e9conomique. \u00abCette pand\u00e9mie surprenante a surtout pouss\u00e9 vers une transformation in\u00e9dite des usages car le monde a d\u00fb s\u2019adapter aux contraintes impos\u00e9es pour limiter la propagation du virus\u00a0: distanciation sociale, confinement g\u00e9n\u00e9ral, port des masques, et d\u00e9sinfection continue\u2026 ont rythm\u00e9 le quotidien des populations dans le monde, pendant des mois\u00bb, soulignent les organisateurs du Symposium. Et d\u2019estimer que \u00abcette transformation rapide a surtout n\u00e9cessit\u00e9 une acc\u00e9l\u00e9ration de l\u2019utilisation des technologies num\u00e9riques, comme solutions de r\u00e9ponse en soutien aux nombreux services fondamentaux des villes\u00bb. Compte tenu de ce contexte particulier, les participants du \u00abSmart City Casablanca Symposium\u00bb d\u00e9battront des challenges ainsi que des opportunit\u00e9s d\u2019adaptation et d\u2019am\u00e9lioration de l\u2019existant pour des villes intelligentes capables de relever tous les d\u00e9fis des nouvelles conjonctures. Rappelons que l\u2019\u00e9v\u00e9nement sera organis\u00e9 dans un format hybride et retransmis dans sa totalit\u00e9, \u00e0 travers une plateforme virtuelle.<\/p>\n<\/div>\n<p>Auteur: ALM<br \/>\n<a href=\"https:\/\/aujourdhui.ma\/economie\/la-resilience-et-la-regeneration-territoriale-au-coeur-du-smart-city-casablanca-symposium\">Cliquez ici pour lire l&rsquo;article depuis sa source.<\/a><\/p>\n","protected":false},"excerpt":{"rendered":"<p>Il se tiendra les 9 et 10 juin 2021 Derni\u00e8re ligne droite pour \u00abSmart City Casablanca Symposium\u00bb. Pr\u00e9vu les 9 et 10 juin 2021 \u00e0 Casablanca, cet \u00e9v\u00e9nement f\u00e9d\u00e9rera un large parterre d\u2019experts du Maroc et de l\u2019\u00e9tranger pour \u00e9changer autour des villes intelligentes \u00e0 l\u2019ombre des r\u00e9percussions de la pand\u00e9mie de Covid-19. Organis\u00e9 par [&hellip;]<\/p>\n","protected":false},"author":1759,"featured_media":0,"comment_status":"closed","ping_status":"closed","sticky":false,"template":"","format":"standard","meta":{"fifu_image_url":"http:\/\/aujourdhui.ma\/wp-content\/uploads\/2021\/06\/Smart-City-Casablanca-Symposium.jpg","fifu_image_alt":"La r\u00e9silience et la r\u00e9g\u00e9n\u00e9ration territoriale au c\u0153ur du Smart City Casablanca Symposium","footnotes":""},"categories":[73,54],"tags":[],"class_list":["post-117853","post","type-post","status-publish","format-standard","hentry","category-actualite","category-maroc"],"_links":{"self":[{"href":"https:\/\/linitiative.ca\/International\/wp-json\/wp\/v2\/posts\/117853","targetHints":{"allow":["GET"]}}],"collection":[{"href":"https:\/\/linitiative.ca\/International\/wp-json\/wp\/v2\/posts"}],"about":[{"href":"https:\/\/linitiative.ca\/International\/wp-json\/wp\/v2\/types\/post"}],"author":[{"embeddable":true,"href":"https:\/\/linitiative.ca\/International\/wp-json\/wp\/v2\/users\/1759"}],"replies":[{"embeddable":true,"href":"https:\/\/linitiative.ca\/International\/wp-json\/wp\/v2\/comments?post=117853"}],"version-history":[{"count":0,"href":"https:\/\/linitiative.ca\/International\/wp-json\/wp\/v2\/posts\/117853\/revisions"}],"wp:attachment":[{"href":"https:\/\/linitiative.ca\/International\/wp-json\/wp\/v2\/media?parent=117853"}],"wp:term":[{"taxonomy":"category","embeddable":true,"href":"https:\/\/linitiative.ca\/International\/wp-json\/wp\/v2\/categories?post=117853"},{"taxonomy":"post_tag","embeddable":true,"href":"https:\/\/linitiative.ca\/International\/wp-json\/wp\/v2\/tags?post=117853"}],"curies":[{"name":"wp","href":"https:\/\/api.w.org\/{rel}","templated":true}]}}