{"id":117854,"date":"2021-06-02T08:39:38","date_gmt":"2021-06-02T12:39:38","guid":{"rendered":"https:\/\/linitiative.ca\/International\/equipe-dalgerie-les-verts-poursuivent-leur-preparation-pour-les-matchs-face-a-la-mauritanie-et-au-mali\/"},"modified":"2021-06-02T08:39:38","modified_gmt":"2021-06-02T12:39:38","slug":"equipe-dalgerie-les-verts-poursuivent-leur-preparation-pour-les-matchs-face-a-la-mauritanie-et-au-mali","status":"publish","type":"post","link":"https:\/\/linitiative.ca\/International\/equipe-dalgerie-les-verts-poursuivent-leur-preparation-pour-les-matchs-face-a-la-mauritanie-et-au-mali\/","title":{"rendered":"Equipe d&rsquo;Alg\u00e9rie : Les Verts poursuivent leur pr\u00e9paration pour les matchs face \u00e0 la Mauritanie et au Mali"},"content":{"rendered":"<div readability=\"32\">\n<p>Auteur : <span class=\"time\">mercredi 02 juin 2021 07:31<\/span><\/p>\n<\/div>\n<div id=\"post_core\" readability=\"46\">\n<p>Ne manquait \u00e0 l&rsquo;appel pour cette s\u00e9ance que Riyad Mahrez et Rais M&rsquo;bolhi qui n&rsquo;ont toujours pas rejoint leurs co\u00e9quipiers aux centre technique de Sidi Moussa. Ils le feront dans les prochains jours.<\/p>\n<p>La s\u00e9ance d\u2019entra\u00eenement, qui s&rsquo;est tenu sous la chaleur, a \u00e9t\u00e9 intense et a vu Ghezzal et ses co\u00e9quipiers se donner \u00e0 fond, notamment lors des oppositions en guise de pr\u00e9paration tactique pour le match de la Mauritanie, et de la s\u00e9ance de tirs en cl\u00f4ture de l\u2019entra\u00eenement comme l&rsquo;indique le site de la FAF.<\/p>\n<p>La troisi\u00e8me et derni\u00e8re s\u00e9ance d&rsquo;entrainement avant le match face \u00e0 la Mauritanie est pr\u00e9vue ce mercredi \u00e0 partir de 18h.<\/p>\n<p><strong>Publi\u00e9 dans :<\/strong> <span>algerie<\/span><\/p>\n<\/div>\n<p>Auteur:<br \/>\n<a href=\"http:\/\/www.lebuteur.com\/article\/detail?titre=les-verts-poursuivent-leur-preparation-pour-les-matchs-face-a-la-mauritanie-et-au-mali&#038;id=100257&#038;utm_source=feedburner&#038;utm_medium=feed&#038;utm_campaign=Feed%3A+GalerieFArtciles+%28Les+derniers+articles++-+lebuteur.com%29\">Cliquez ici pour lire l&rsquo;article depuis sa source.<\/a><\/p>\n","protected":false},"excerpt":{"rendered":"<p>Auteur : mercredi 02 juin 2021 07:31 Ne manquait \u00e0 l&rsquo;appel pour cette s\u00e9ance que Riyad Mahrez et Rais M&rsquo;bolhi qui n&rsquo;ont toujours pas rejoint leurs co\u00e9quipiers aux centre technique de Sidi Moussa. Ils le feront dans les prochains jours. La s\u00e9ance d\u2019entra\u00eenement, qui s&rsquo;est tenu sous la chaleur, a \u00e9t\u00e9 intense et a vu [&hellip;]<\/p>\n","protected":false},"author":1738,"featured_media":0,"comment_status":"closed","ping_status":"closed","sticky":false,"template":"","format":"standard","meta":{"fifu_image_url":"\/\/cdn.lebuteur.com\/data\/images\/article\/thumbs\/large-100257les-verts-poursuivent-leur-preparation-pour-les-matchs-face-a-la-mauritanie-et-au-mali-92b82.jpg","fifu_image_alt":"Equipe d'Alg\u00e9rie : Les Verts poursuivent leur pr\u00e9paration pour les matchs face \u00e0 la Mauritanie et au Mali","footnotes":""},"categories":[53,75],"tags":[],"class_list":["post-117854","post","type-post","status-publish","format-standard","hentry","category-algerie","category-sport"],"_links":{"self":[{"href":"https:\/\/linitiative.ca\/International\/wp-json\/wp\/v2\/posts\/117854","targetHints":{"allow":["GET"]}}],"collection":[{"href":"https:\/\/linitiative.ca\/International\/wp-json\/wp\/v2\/posts"}],"about":[{"href":"https:\/\/linitiative.ca\/International\/wp-json\/wp\/v2\/types\/post"}],"author":[{"embeddable":true,"href":"https:\/\/linitiative.ca\/International\/wp-json\/wp\/v2\/users\/1738"}],"replies":[{"embeddable":true,"href":"https:\/\/linitiative.ca\/International\/wp-json\/wp\/v2\/comments?post=117854"}],"version-history":[{"count":0,"href":"https:\/\/linitiative.ca\/International\/wp-json\/wp\/v2\/posts\/117854\/revisions"}],"wp:attachment":[{"href":"https:\/\/linitiative.ca\/International\/wp-json\/wp\/v2\/media?parent=117854"}],"wp:term":[{"taxonomy":"category","embeddable":true,"href":"https:\/\/linitiative.ca\/International\/wp-json\/wp\/v2\/categories?post=117854"},{"taxonomy":"post_tag","embeddable":true,"href":"https:\/\/linitiative.ca\/International\/wp-json\/wp\/v2\/tags?post=117854"}],"curies":[{"name":"wp","href":"https:\/\/api.w.org\/{rel}","templated":true}]}}