{"id":117855,"date":"2021-06-02T06:05:53","date_gmt":"2021-06-02T10:05:53","guid":{"rendered":"https:\/\/linitiative.ca\/International\/mokrane-ait-larbi-appelle-au-boycott-des-audiences\/"},"modified":"2021-06-02T06:05:53","modified_gmt":"2021-06-02T10:05:53","slug":"mokrane-ait-larbi-appelle-au-boycott-des-audiences","status":"publish","type":"post","link":"https:\/\/linitiative.ca\/International\/mokrane-ait-larbi-appelle-au-boycott-des-audiences\/","title":{"rendered":"Mokrane A\u00eft Larbi appelle au boycott des audiences"},"content":{"rendered":"<h4 class=\"title-14\"\/>\n<p>Nous sommes tous concern\u00e9s !\u00bb C\u2019est la d\u00e9claration de l\u2019avocat et d\u00e9fenseur des droits de l\u2019homme, Mokrane A\u00eft Larbi, en r\u00e9action \u00e0 l\u2019incarc\u00e9ration de son coll\u00e8gue de T\u00e9bessa, Abderraouf Arslane, dont le placement sous mandat de d\u00e9p\u00f4t a \u00e9t\u00e9 confirm\u00e9 hier par la chambre d\u2019accusation pr\u00e8s la cour de la m\u00eame wilaya.<\/p>\n<p>Dans une d\u00e9claration post\u00e9e hier sur sa page Facebook, Me Mokrane A\u00eft Larbi n\u2019a pas m\u00e2ch\u00e9 ses mots et d\u00e9nonce un pr\u00e9c\u00e9dent grave. \u00abNotre coll\u00e8gue Abderraouf Arslane a \u00e9t\u00e9 plac\u00e9 sous mandat de d\u00e9p\u00f4t sans raison l\u00e9gale. Avant cette affaire, les autorit\u00e9s n\u2019avaient pas os\u00e9 emprisonner un avocat en raison de ses d\u00e9clarations politiques ou ses opinions. Car l\u2019avocat ne peut \u00eatre emprisonn\u00e9 ni poursuivi en raison de ses d\u00e9clarations et ses propos, car cela fait partie de ses t\u00e2ches quotidiennes\u00bb, rappelle-t-il.<\/p>\n<p>Et d\u2019ajouter\u00a0: \u00abSi l\u2019avocat transgresse ses pr\u00e9rogatives l\u00e9gales, il y a un conseil de discipline. La justice n\u2019a rien \u00e0 voir dans ce domaine. Mais, aujourd\u2019hui, l\u2019emprisonnement devient la r\u00e8gle et la libert\u00e9 l\u2019exception.\u00bb Selon lui, \u00abl\u2019emprisonnement de notre coll\u00e8gue pour ses opinion laisse penser que les autorit\u00e9s politiques ont pr\u00e9par\u00e9 une liste d\u2019avocats actifs \u00e0 mettre en prison\u00bb. \u00abPar cons\u00e9quent, tous les avocats au niveau national sont tenus de boycotter toutes les s\u00e9ances \u00e0 une date devant \u00eatre d\u00e9termin\u00e9e par les organisations d\u2019avocats et cela jusqu\u2019\u00e0 la remise en libert\u00e9 de Abderraouf Arslane\u00bb, lance-t-il.<\/p>\n<p><span class=\"post-views-label\">Post Views:<\/span> <span class=\"post-views-count\">171<\/span><\/p>\n<p><br class=\"c2\"\/><\/p>\n<div class=\"ichhar-moneytagnative c4\" id=\"ichhar-1569982064\">\n<p>Advertisements<\/p>\n<\/div>\n<p><br class=\"c2\"\/><br \/>\n<br class=\"c5\"\/><br \/>\nAuteur: Hicham Chouadria<br \/>\n<a href=\"https:\/\/www.elwatan.com\/edition\/actualite\/mokrane-ait-larbi-appelle-au-boycott-des-audiences-02-06-2021\">Cliquez ici pour lire l&rsquo;article depuis sa source.<\/a><\/p>\n","protected":false},"excerpt":{"rendered":"<p>Nous sommes tous concern\u00e9s !\u00bb C\u2019est la d\u00e9claration de l\u2019avocat et d\u00e9fenseur des droits de l\u2019homme, Mokrane A\u00eft Larbi, en r\u00e9action \u00e0 l\u2019incarc\u00e9ration de son coll\u00e8gue de T\u00e9bessa, Abderraouf Arslane, dont le placement sous mandat de d\u00e9p\u00f4t a \u00e9t\u00e9 confirm\u00e9 hier par la chambre d\u2019accusation pr\u00e8s la cour de la m\u00eame wilaya. Dans une d\u00e9claration [&hellip;]<\/p>\n","protected":false},"author":1743,"featured_media":0,"comment_status":"closed","ping_status":"closed","sticky":false,"template":"","format":"standard","meta":{"fifu_image_url":"","fifu_image_alt":"","footnotes":""},"categories":[73,53],"tags":[],"class_list":["post-117855","post","type-post","status-publish","format-standard","hentry","category-actualite","category-algerie"],"_links":{"self":[{"href":"https:\/\/linitiative.ca\/International\/wp-json\/wp\/v2\/posts\/117855","targetHints":{"allow":["GET"]}}],"collection":[{"href":"https:\/\/linitiative.ca\/International\/wp-json\/wp\/v2\/posts"}],"about":[{"href":"https:\/\/linitiative.ca\/International\/wp-json\/wp\/v2\/types\/post"}],"author":[{"embeddable":true,"href":"https:\/\/linitiative.ca\/International\/wp-json\/wp\/v2\/users\/1743"}],"replies":[{"embeddable":true,"href":"https:\/\/linitiative.ca\/International\/wp-json\/wp\/v2\/comments?post=117855"}],"version-history":[{"count":0,"href":"https:\/\/linitiative.ca\/International\/wp-json\/wp\/v2\/posts\/117855\/revisions"}],"wp:attachment":[{"href":"https:\/\/linitiative.ca\/International\/wp-json\/wp\/v2\/media?parent=117855"}],"wp:term":[{"taxonomy":"category","embeddable":true,"href":"https:\/\/linitiative.ca\/International\/wp-json\/wp\/v2\/categories?post=117855"},{"taxonomy":"post_tag","embeddable":true,"href":"https:\/\/linitiative.ca\/International\/wp-json\/wp\/v2\/tags?post=117855"}],"curies":[{"name":"wp","href":"https:\/\/api.w.org\/{rel}","templated":true}]}}