{"id":117859,"date":"2021-06-02T08:21:00","date_gmt":"2021-06-02T12:21:00","guid":{"rendered":"https:\/\/linitiative.ca\/International\/les-memoires-de-mohamed-ennaceur-disponibles-sur-amazon\/"},"modified":"2021-06-02T08:21:00","modified_gmt":"2021-06-02T12:21:00","slug":"les-memoires-de-mohamed-ennaceur-disponibles-sur-amazon","status":"publish","type":"post","link":"https:\/\/linitiative.ca\/International\/les-memoires-de-mohamed-ennaceur-disponibles-sur-amazon\/","title":{"rendered":"Les m\u00e9moires de Mohamed Ennaceur disponibles sur Amazon"},"content":{"rendered":"<p>Fort engouement en Tunisie pour le livre du pr\u00e9sident Mohamed Ennaceur <strong>\u00abDeux R\u00e9publique, Une Tunisie\u00bb<\/strong>, r\u00e9cemment paru aux \u00e9ditions <span class=\"c2\"><strong>Leaders<\/strong><\/span> (<a href=\"https:\/\/www.leadersbooks.com.tn\/produit\/deux-republiques-une-tunisie\/\" target=\"_blank\" rel=\"noopener\">www.leadersbooks.com.tn<\/a>). Trois tirages successifs ont \u00e9t\u00e9 n\u00e9cessaires, depuis sa premi\u00e8re impression fin mars dernier, consacrant ainsi un grand succ\u00e8s en librairies. A la demande de nombreux lecteurs \u00e0 l\u2019\u00e9tranger qui souhaitent en obtenir une copie digitale, le livre est d\u00e9sormais disponible sur Amazon. Il suffit d\u2019aller sur <a href=\"https:\/\/amzn.to\/3wNVFnq\" target=\"_blank\" rel=\"noopener\">https:\/\/amzn.to\/3wNVFnq<\/a> pour le commander directement.<\/p>\n<p><span class=\"c3\"><strong>Deux R\u00e9publiques, Une Tunisie<\/strong><\/span><br \/><strong>de Mohamed Ennaceur<\/strong><br \/>Editions <span class=\"c2\"><strong>Leaders<\/strong><\/span>, mars 2021, <strong>684 page<\/strong><strong>s<\/strong><\/p>\n<p><span class=\"c3\"><strong>Sur Amazon:<\/strong><\/span> <a href=\"https:\/\/amzn.to\/3wNVFnq\" target=\"_blank\" rel=\"noopener\">https:\/\/amzn.to\/3wNVFnq<\/a><\/p>\n<p><span class=\"c3\"><strong>En Tunisie:<\/strong><\/span> En librairies et <a href=\"https:\/\/www.leadersbooks.com.tn\/produit\/deux-republiques-une-tunisie\/\" target=\"_blank\" rel=\"noopener\">sur www.leadersbooks.com.tn<br \/><\/a><\/p>\n<p><strong>Lire aussi<\/strong><\/p>\n<p><a href=\"https:\/\/www.leaders.com.tn\/article\/31611-mohamed-ennaceur\" target=\"_blank\" rel=\"noopener\">Un livre \u00e9v\u00e8nement : Les m\u00e9moires de Mohamed Ennaceur \u2018\u2019Deux R\u00e9publiques, une Tunisie\u2019\u2019<\/a><\/p>\n<p><a href=\"https:\/\/www.leaders.com.tn\/article\/31689-nouveau-tirage-ou-trouver-le-livre-de-mohamed-ennaceur-deux-republique-une-tunisie-video\" target=\"_blank\" rel=\"noopener\">Nouveau tirage &#8211; O\u00f9 trouver le livre de Mohamed Ennaceur : Deux R\u00e9publique, une Tunisie (Vid\u00e9o)<\/a><\/p>\n<p><a href=\"https:\/\/www.leaders.com.tn\/article\/31694-mohamed-ennaceur-le-devoir-de-servir\" target=\"_blank\" rel=\"noopener\">Mohamed Ennaceur: Le devoir de servir (Vid\u00e9o et Album Photos)<\/a><\/p>\n<p><a href=\"https:\/\/www.leaders.com.tn\/article\/31696-quand-les-affaires-sociales-celebrent-le-recit-de-leur-histoire-dans-les-memoires-de-mohamed-ennaceur-album-photos\" target=\"_blank\" rel=\"noopener\">Quand les Affaires sociales c\u00e9l\u00e8brent le r\u00e9cit de leur histoire, dans les m\u00e9moires de Mohamed Ennaceur (Vid\u00e9o et Album photos)<\/a><\/p>\n<p><a href=\"https:\/\/www.leaders.com.tn\/article\/31693-mohamed-ennaceur-et-le-combat-constant-pour-une-republique-sociale-volontariste-et-consensuelle\" target=\"_blank\" rel=\"noopener\">Mohamed Ennaceur et le combat constant pour une R\u00e9publique sociale volontariste et consensuelle (Vid\u00e9o et Album photos)<\/a><\/p>\n<p>Auteur:<br \/>\n<a href=\"https:\/\/www.leaders.com.tn\/article\/31974-les-memoires-de-mohamed-ennaceur-disponibles-sur-amazon\">Cliquez ici pour lire l&rsquo;article depuis sa source.<\/a><\/p>\n","protected":false},"excerpt":{"rendered":"<p>Fort engouement en Tunisie pour le livre du pr\u00e9sident Mohamed Ennaceur \u00abDeux R\u00e9publique, Une Tunisie\u00bb, r\u00e9cemment paru aux \u00e9ditions Leaders (www.leadersbooks.com.tn). Trois tirages successifs ont \u00e9t\u00e9 n\u00e9cessaires, depuis sa premi\u00e8re impression fin mars dernier, consacrant ainsi un grand succ\u00e8s en librairies. A la demande de nombreux lecteurs \u00e0 l\u2019\u00e9tranger qui souhaitent en obtenir une copie [&hellip;]<\/p>\n","protected":false},"author":1772,"featured_media":0,"comment_status":"closed","ping_status":"closed","sticky":false,"template":"","format":"standard","meta":{"fifu_image_url":"","fifu_image_alt":"","footnotes":""},"categories":[73,55],"tags":[],"class_list":["post-117859","post","type-post","status-publish","format-standard","hentry","category-actualite","category-tunisie"],"_links":{"self":[{"href":"https:\/\/linitiative.ca\/International\/wp-json\/wp\/v2\/posts\/117859","targetHints":{"allow":["GET"]}}],"collection":[{"href":"https:\/\/linitiative.ca\/International\/wp-json\/wp\/v2\/posts"}],"about":[{"href":"https:\/\/linitiative.ca\/International\/wp-json\/wp\/v2\/types\/post"}],"author":[{"embeddable":true,"href":"https:\/\/linitiative.ca\/International\/wp-json\/wp\/v2\/users\/1772"}],"replies":[{"embeddable":true,"href":"https:\/\/linitiative.ca\/International\/wp-json\/wp\/v2\/comments?post=117859"}],"version-history":[{"count":0,"href":"https:\/\/linitiative.ca\/International\/wp-json\/wp\/v2\/posts\/117859\/revisions"}],"wp:attachment":[{"href":"https:\/\/linitiative.ca\/International\/wp-json\/wp\/v2\/media?parent=117859"}],"wp:term":[{"taxonomy":"category","embeddable":true,"href":"https:\/\/linitiative.ca\/International\/wp-json\/wp\/v2\/categories?post=117859"},{"taxonomy":"post_tag","embeddable":true,"href":"https:\/\/linitiative.ca\/International\/wp-json\/wp\/v2\/tags?post=117859"}],"curies":[{"name":"wp","href":"https:\/\/api.w.org\/{rel}","templated":true}]}}