{"id":117861,"date":"2021-06-02T08:39:41","date_gmt":"2021-06-02T12:39:41","guid":{"rendered":"https:\/\/linitiative.ca\/International\/equipe-dalgerie-delort-a-une-ambition-pour-les-prochains-matchs-amicaux-de-lalgerie\/"},"modified":"2021-06-02T08:39:41","modified_gmt":"2021-06-02T12:39:41","slug":"equipe-dalgerie-delort-a-une-ambition-pour-les-prochains-matchs-amicaux-de-lalgerie","status":"publish","type":"post","link":"https:\/\/linitiative.ca\/International\/equipe-dalgerie-delort-a-une-ambition-pour-les-prochains-matchs-amicaux-de-lalgerie\/","title":{"rendered":"Equipe d&rsquo;Alg\u00e9rie : Delort a une ambition pour les prochains matchs amicaux de l&rsquo;Alg\u00e9rie"},"content":{"rendered":"<div readability=\"32\">\n<p>Auteur : <span class=\"time\">mercredi 02 juin 2021 08:00<\/span><\/p>\n<\/div>\n<div id=\"post_core\" readability=\"42\">\n<p>L&rsquo;attaquant de Montpellier est notamment revenu sur son absence pour cause de blessure lors du pr\u00e9c\u00e9dent regroupement des Verts en mars. Andy Delort est \u00e0 pr\u00e9sent heureux de retrouver la s\u00e9lection :<\/p>\n<p>\u00ab\u00a0J\u2019\u00e9tais frustr\u00e9 de rater le stage du mois de mars dernier \u00e0 cause d\u2019une blessure, aujourd\u2019hui je suis le plus heureux des joueurs pour mon retour en s\u00e9lection, je vais donner le maximum pour essayer de marquer et faire jouer mes co\u00e9quipiers. J\u2019ai fait une tr\u00e8s belle saison en club pour justement, pr\u00e9tendre \u00e0 une place en s\u00e9lection. Les prochaines rencontres amicales sont importantes pour notre classement FIFA et gagner ma place en attaque.\u00a0\u00bb<\/p>\n<p><strong>Publi\u00e9 dans :<\/strong> <span>Delort<\/span><\/p>\n<\/div>\n<p>Auteur:<br \/>\n<a href=\"http:\/\/www.lebuteur.com\/article\/detail?titre=delort-a-une-ambition-pour-les-prochains-matchs-amicaux-de-lalgerie&#038;id=100258&#038;utm_source=feedburner&#038;utm_medium=feed&#038;utm_campaign=Feed%3A+GalerieFArtciles+%28Les+derniers+articles++-+lebuteur.com%29\">Cliquez ici pour lire l&rsquo;article depuis sa source.<\/a><\/p>\n","protected":false},"excerpt":{"rendered":"<p>Auteur : mercredi 02 juin 2021 08:00 L&rsquo;attaquant de Montpellier est notamment revenu sur son absence pour cause de blessure lors du pr\u00e9c\u00e9dent regroupement des Verts en mars. Andy Delort est \u00e0 pr\u00e9sent heureux de retrouver la s\u00e9lection : \u00ab\u00a0J\u2019\u00e9tais frustr\u00e9 de rater le stage du mois de mars dernier \u00e0 cause d\u2019une blessure, aujourd\u2019hui [&hellip;]<\/p>\n","protected":false},"author":1738,"featured_media":0,"comment_status":"closed","ping_status":"closed","sticky":false,"template":"","format":"standard","meta":{"fifu_image_url":"\/\/cdn.lebuteur.com\/data\/images\/article\/thumbs\/large-delort-a-une-ambition-pour-les-prochains-matchs-amicaux-de-lalgerie-9d9eb.jpg","fifu_image_alt":"Equipe d'Alg\u00e9rie : Delort a une ambition pour les prochains matchs amicaux de l'Alg\u00e9rie","footnotes":""},"categories":[53,75],"tags":[],"class_list":["post-117861","post","type-post","status-publish","format-standard","hentry","category-algerie","category-sport"],"_links":{"self":[{"href":"https:\/\/linitiative.ca\/International\/wp-json\/wp\/v2\/posts\/117861","targetHints":{"allow":["GET"]}}],"collection":[{"href":"https:\/\/linitiative.ca\/International\/wp-json\/wp\/v2\/posts"}],"about":[{"href":"https:\/\/linitiative.ca\/International\/wp-json\/wp\/v2\/types\/post"}],"author":[{"embeddable":true,"href":"https:\/\/linitiative.ca\/International\/wp-json\/wp\/v2\/users\/1738"}],"replies":[{"embeddable":true,"href":"https:\/\/linitiative.ca\/International\/wp-json\/wp\/v2\/comments?post=117861"}],"version-history":[{"count":0,"href":"https:\/\/linitiative.ca\/International\/wp-json\/wp\/v2\/posts\/117861\/revisions"}],"wp:attachment":[{"href":"https:\/\/linitiative.ca\/International\/wp-json\/wp\/v2\/media?parent=117861"}],"wp:term":[{"taxonomy":"category","embeddable":true,"href":"https:\/\/linitiative.ca\/International\/wp-json\/wp\/v2\/categories?post=117861"},{"taxonomy":"post_tag","embeddable":true,"href":"https:\/\/linitiative.ca\/International\/wp-json\/wp\/v2\/tags?post=117861"}],"curies":[{"name":"wp","href":"https:\/\/api.w.org\/{rel}","templated":true}]}}