{"id":117862,"date":"2021-06-02T07:07:58","date_gmt":"2021-06-02T11:07:58","guid":{"rendered":"https:\/\/linitiative.ca\/International\/ghali-un-immigre-clandestin-pas-comme-les-autres\/"},"modified":"2021-06-02T07:07:58","modified_gmt":"2021-06-02T11:07:58","slug":"ghali-un-immigre-clandestin-pas-comme-les-autres","status":"publish","type":"post","link":"https:\/\/linitiative.ca\/International\/ghali-un-immigre-clandestin-pas-comme-les-autres\/","title":{"rendered":"Ghali, un immigr\u00e9 clandestin pas comme les autres"},"content":{"rendered":"<p class=\"has-text-align-center has-vivid-red-color has-text-color\"><strong>Espagne<\/strong><\/p>\n<p class=\"has-text-align-left has-black-color has-text-color\"><strong>La carte de l\u2019immigration est, depuis quelques jours, constamment brandie par les responsables espagnols, accusant le Maroc d\u2019avoir rel\u00e2ch\u00e9 ses contr\u00f4les frontaliers pour faciliter l\u2019acc\u00e8s des migrants subsahariens et autres au pr\u00e9side occup\u00e9 de Sebta. Fon\u00e7ant sur cette voie, des chiffres sont annonc\u00e9s et soigneusement arrondis pour forcer un certain message.<\/strong><\/p>\n<p class=\"has-text-align-left has-black-color has-text-color\">Ce qu\u2019on appelle \u00abla dictature des chiffres\u00bb est ainsi infernalement mise en marche pour cacher l\u2019essentiel et le fond du probl\u00e8me. Ceci au moment o\u00f9 les m\u00eames responsables de la p\u00e9ninsule ib\u00e9rique ont accueilli un immigr\u00e9 clandestin sous une fausse identit\u00e9 et poursuivi par la justice espagnole. Incroyable, mais vrai. O\u00f9 est le principe d\u2019isonomie, assurant l\u2019\u00e9galit\u00e9 devant la loi ou l\u2019\u00e9galit\u00e9 en droit, selon lequel tout \u00eatre humain doit \u00eatre trait\u00e9 de la m\u00eame fa\u00e7on par la loi. Dans ce cas de figure, force est de constater que la justice espagnole fonctionne suivant le principe de la politique de deux poids, deux mesures.Des milliers d\u2019immigr\u00e9s clandestins, sans papiers, sont conduits dans des centres d\u2019accueil ou refoul\u00e9s, alors qu\u2019un immigr\u00e9 clandestin avec de faux papiers a \u00e9t\u00e9 accueilli \u00e0 l\u2019a\u00e9roport et transf\u00e9r\u00e9 dans un pavillon m\u00e9dical qui serait am\u00e9nag\u00e9 uniquement pour lui. Voil\u00e0 un immigr\u00e9 clandestin pas comme les autres.<\/p>\n<p class=\"has-text-align-left has-black-color has-text-color\">Ce scandale continue de susciter l\u2019indignation aiguisant l\u2019app\u00e9tit des m\u00e9dias espagnols et autres pour creuser davantage dans cette affaire afin de d\u00e9couvrir son pot aux roses. C\u2019est ainsi que des m\u00e9dias ont d\u00e9couvert que le d\u00e9nomm\u00e9 Brahim Ghali, accessoirement chef des milices des s\u00e9paratistes du Polisario, avait servi le r\u00e9gime franquiste en tant qu\u2019espion durant de longues ann\u00e9es. Maintenant tout le monde s\u2019est rendu compte que le personnage, pr\u00e9sent\u00e9 comme un \u00abchef d\u2019Etat\u00bb par le pouvoir des g\u00e9n\u00e9raux alg\u00e9riens et accueilli sous une fausse identit\u00e9 dans la p\u00e9ninsule ib\u00e9rique pour \u00e9chapper aux poursuites judiciaires, n\u2019est qu\u2019un espion.<\/p>\n<p class=\"has-vivid-red-color has-text-color\"><strong>B.Amenzou<\/strong><\/p>\n<p>Auteur: M&rsquo;hammed rahal<br \/>\n<a href=\"http:\/\/albayane.press.ma\/ghali-un-immigre-clandestin-pas-comme-les-autres.html\">Cliquez ici pour lire l&rsquo;article depuis sa source.<\/a><\/p>\n","protected":false},"excerpt":{"rendered":"<p>Espagne La carte de l\u2019immigration est, depuis quelques jours, constamment brandie par les responsables espagnols, accusant le Maroc d\u2019avoir rel\u00e2ch\u00e9 ses contr\u00f4les frontaliers pour faciliter l\u2019acc\u00e8s des migrants subsahariens et autres au pr\u00e9side occup\u00e9 de Sebta. Fon\u00e7ant sur cette voie, des chiffres sont annonc\u00e9s et soigneusement arrondis pour forcer un certain message. Ce qu\u2019on appelle [&hellip;]<\/p>\n","protected":false},"author":1760,"featured_media":0,"comment_status":"closed","ping_status":"closed","sticky":false,"template":"","format":"standard","meta":{"fifu_image_url":"","fifu_image_alt":"","footnotes":""},"categories":[73,54],"tags":[],"class_list":["post-117862","post","type-post","status-publish","format-standard","hentry","category-actualite","category-maroc"],"_links":{"self":[{"href":"https:\/\/linitiative.ca\/International\/wp-json\/wp\/v2\/posts\/117862","targetHints":{"allow":["GET"]}}],"collection":[{"href":"https:\/\/linitiative.ca\/International\/wp-json\/wp\/v2\/posts"}],"about":[{"href":"https:\/\/linitiative.ca\/International\/wp-json\/wp\/v2\/types\/post"}],"author":[{"embeddable":true,"href":"https:\/\/linitiative.ca\/International\/wp-json\/wp\/v2\/users\/1760"}],"replies":[{"embeddable":true,"href":"https:\/\/linitiative.ca\/International\/wp-json\/wp\/v2\/comments?post=117862"}],"version-history":[{"count":0,"href":"https:\/\/linitiative.ca\/International\/wp-json\/wp\/v2\/posts\/117862\/revisions"}],"wp:attachment":[{"href":"https:\/\/linitiative.ca\/International\/wp-json\/wp\/v2\/media?parent=117862"}],"wp:term":[{"taxonomy":"category","embeddable":true,"href":"https:\/\/linitiative.ca\/International\/wp-json\/wp\/v2\/categories?post=117862"},{"taxonomy":"post_tag","embeddable":true,"href":"https:\/\/linitiative.ca\/International\/wp-json\/wp\/v2\/tags?post=117862"}],"curies":[{"name":"wp","href":"https:\/\/api.w.org\/{rel}","templated":true}]}}